{"id":121183,"date":"2024-10-07T12:53:33","date_gmt":"2024-10-07T15:53:33","guid":{"rendered":"https:\/\/www.actualidadadiario.com\/?p=121183"},"modified":"2024-10-07T12:53:33","modified_gmt":"2024-10-07T15:53:33","slug":"alivio-en-cordoba-no-quedan-focos-activos-de-incendio","status":"publish","type":"post","link":"https:\/\/www.actualidadadiario.com\/index.php\/2024\/10\/07\/alivio-en-cordoba-no-quedan-focos-activos-de-incendio\/","title":{"rendered":"Alivio en C\u00f3rdoba: no quedan focos activos de incendio"},"content":{"rendered":"<p style=\"text-align: center;\"><em><strong>Las autoridades anunciaron que durante octubre y noviembre contin\u00faa la alerta extrema por riesgo de incendios<\/strong><\/em><\/p>\n<p>&nbsp;<\/p>\n<p>&nbsp;<\/p>\n<p>No quedan focos activos de incendio en C\u00f3rdoba y hay alivio en la provincia, pese a que las autoridades anunciaron que durante octubre y noviembre contin\u00faa la alerta extrema por riesgo de reactivaci\u00f3n.<\/p>\n<p>De acuerdo al \u00faltimo comunicado del Gobierno de C\u00f3rdoba, En Quebrada de la Mermela, Berrotar\u00e1n y San Jos\u00e9 de la Dormida \u201clos focos fueron contenidos y hay guardia de cenizas\u201d.<\/p>\n<p>Adem\u00e1s, en la Ruta Provincial 28, en el Valle de Traslasierra, \u201ccontin\u00faa cortada por desprendimiento de rocas\u201d.<\/p>\n<p>Aunque se trata de una excelente noticia por la grave situaci\u00f3n que padec\u00eda la provincia, las autoridades sostienen que durante los pr\u00f3ximos meses sigue la alerta extrema por riesgo de incendios.<\/p>\n<p>&nbsp;<\/p>\n<p><strong>Otra buena noticia para los cordobeses<\/strong><\/p>\n<p>El Servicio Meteorol\u00f3gico Nacional anunci\u00f3 que se esperan tres d\u00edas seguidos de lluvia y temperaturas m\u00e1ximas que rondar\u00e1n los 24 grados.<\/p>\n<p>Para este lunes rige un alerta amarilla por fuertes tormentas y r\u00e1fagas de 50 km\/h en la tarde y noche.<\/p>\n<p>Con respecto al martes y el mi\u00e9rcoles, las condiciones ser\u00e1n similares ya que se esperan lluvias aisladas.<\/p>\n","protected":false},"excerpt":{"rendered":"<p>Las autoridades anunciaron que durante octubre y noviembre contin\u00faa la alerta extrema por riesgo de incendios &nbsp; &nbsp; No quedan focos activos de incendio en C\u00f3rdoba y hay alivio en la provincia, pese a que las autoridades anunciaron que durante octubre y noviembre contin\u00faa la alerta extrema por riesgo de reactivaci\u00f3n. De acuerdo al \u00faltimo comunicado del Gobierno de C\u00f3rdoba, En Quebrada de la Mermela, Berrotar\u00e1n y San Jos\u00e9 de la Dormida \u201clos focos fueron contenidos y hay guardia de cenizas\u201d. Adem\u00e1s, en la Ruta Provincial 28, en el Valle&#8230;<\/p>\n","protected":false},"author":3,"featured_media":71785,"comment_status":"closed","ping_status":"closed","sticky":false,"template":"","format":"standard","meta":[],"categories":[2],"tags":[],"_links":{"self":[{"href":"https:\/\/www.actualidadadiario.com\/index.php\/wp-json\/wp\/v2\/posts\/121183"}],"collection":[{"href":"https:\/\/www.actualidadadiario.com\/index.php\/wp-json\/wp\/v2\/posts"}],"about":[{"href":"https:\/\/www.actualidadadiario.com\/index.php\/wp-json\/wp\/v2\/types\/post"}],"author":[{"embeddable":true,"href":"https:\/\/www.actualidadadiario.com\/index.php\/wp-json\/wp\/v2\/users\/3"}],"replies":[{"embeddable":true,"href":"https:\/\/www.actualidadadiario.com\/index.php\/wp-json\/wp\/v2\/comments?post=121183"}],"version-history":[{"count":1,"href":"https:\/\/www.actualidadadiario.com\/index.php\/wp-json\/wp\/v2\/posts\/121183\/revisions"}],"predecessor-version":[{"id":121184,"href":"https:\/\/www.actualidadadiario.com\/index.php\/wp-json\/wp\/v2\/posts\/121183\/revisions\/121184"}],"wp:featuredmedia":[{"embeddable":true,"href":"https:\/\/www.actualidadadiario.com\/index.php\/wp-json\/wp\/v2\/media\/71785"}],"wp:attachment":[{"href":"https:\/\/www.actualidadadiario.com\/index.php\/wp-json\/wp\/v2\/media?parent=121183"}],"wp:term":[{"taxonomy":"category","embeddable":true,"href":"https:\/\/www.actualidadadiario.com\/index.php\/wp-json\/wp\/v2\/categories?post=121183"},{"taxonomy":"post_tag","embeddable":true,"href":"https:\/\/www.actualidadadiario.com\/index.php\/wp-json\/wp\/v2\/tags?post=121183"}],"curies":[{"name":"wp","href":"https:\/\/api.w.org\/{rel}","templated":true}]}}