{"id":121181,"date":"2024-10-07T12:52:32","date_gmt":"2024-10-07T15:52:32","guid":{"rendered":"https:\/\/www.actualidadadiario.com\/?p=121181"},"modified":"2024-10-07T12:52:32","modified_gmt":"2024-10-07T15:52:32","slug":"la-venta-de-insumos-para-la-construccion-cayo-en-septiembre","status":"publish","type":"post","link":"https:\/\/www.actualidadadiario.com\/index.php\/2024\/10\/07\/la-venta-de-insumos-para-la-construccion-cayo-en-septiembre\/","title":{"rendered":"La venta de insumos para la construcci\u00f3n cay\u00f3 en septiembre"},"content":{"rendered":"<p style=\"text-align: center;\"><em><strong>El \u00cdndice Construya cay\u00f3 5,4% en el mes y 22% interanual<\/strong><\/em><\/p>\n<p>&nbsp;<\/p>\n<p>&nbsp;<\/p>\n<p>La venta de insumos para la construcci\u00f3n en septiembre cay\u00f3 5,43% frente a agosto y 22% en forma interanual, seg\u00fan el \u00cdndice Construya difundido este lunes.<\/p>\n<p>&#8220;Despu\u00e9s de varios meses de mejoras, por segundo mes consecutivo en agosto enfrentamos una reducci\u00f3n de las ventas de materiales para obras residenciales. Creemos que la continuidad del proceso de recuperaci\u00f3n estar\u00e1 asociado a la reactivaci\u00f3n de las obras privadas, traccionado principalmente por la expansi\u00f3n del cr\u00e9dito hipotecario y en menor medida por los fondos blanqueados&#8221;, se\u00f1al\u00f3 el informe.<\/p>\n<p>De esta forma, en promedio en enero-septiembre de 2024 los despachos del grupo Construya resultaron 28,6% menores a los realizados durante los primeros siete meses de 2023.<\/p>\n<p>El \u00edndice mide la evoluci\u00f3n de los vol\u00famenes vendidos al sector privado de los siguientes productos para la construcci\u00f3n: ladrillos cer\u00e1micos, cemento portland, cal, aceros largos, carpinter\u00eda de aluminio, adhesivos y pastinas, pinturas impermeabilizantes, sanitarios, calderas y sistemas hogare\u00f1os y centrales de calefacci\u00f3n, grifer\u00eda y sistemas para conducci\u00f3n de agua y gas, pisos, revestimientos cer\u00e1micos y materiales el\u00e9ctricos y electr\u00f3nicos.<\/p>\n","protected":false},"excerpt":{"rendered":"<p>El \u00cdndice Construya cay\u00f3 5,4% en el mes y 22% interanual &nbsp; &nbsp; La venta de insumos para la construcci\u00f3n en septiembre cay\u00f3 5,43% frente a agosto y 22% en forma interanual, seg\u00fan el \u00cdndice Construya difundido este lunes. &#8220;Despu\u00e9s de varios meses de mejoras, por segundo mes consecutivo en agosto enfrentamos una reducci\u00f3n de las ventas de materiales para obras residenciales. Creemos que la continuidad del proceso de recuperaci\u00f3n estar\u00e1 asociado a la reactivaci\u00f3n de las obras privadas, traccionado principalmente por la expansi\u00f3n del cr\u00e9dito hipotecario y en menor&#8230;<\/p>\n","protected":false},"author":3,"featured_media":7563,"comment_status":"closed","ping_status":"closed","sticky":false,"template":"","format":"standard","meta":[],"categories":[2],"tags":[],"_links":{"self":[{"href":"https:\/\/www.actualidadadiario.com\/index.php\/wp-json\/wp\/v2\/posts\/121181"}],"collection":[{"href":"https:\/\/www.actualidadadiario.com\/index.php\/wp-json\/wp\/v2\/posts"}],"about":[{"href":"https:\/\/www.actualidadadiario.com\/index.php\/wp-json\/wp\/v2\/types\/post"}],"author":[{"embeddable":true,"href":"https:\/\/www.actualidadadiario.com\/index.php\/wp-json\/wp\/v2\/users\/3"}],"replies":[{"embeddable":true,"href":"https:\/\/www.actualidadadiario.com\/index.php\/wp-json\/wp\/v2\/comments?post=121181"}],"version-history":[{"count":1,"href":"https:\/\/www.actualidadadiario.com\/index.php\/wp-json\/wp\/v2\/posts\/121181\/revisions"}],"predecessor-version":[{"id":121182,"href":"https:\/\/www.actualidadadiario.com\/index.php\/wp-json\/wp\/v2\/posts\/121181\/revisions\/121182"}],"wp:featuredmedia":[{"embeddable":true,"href":"https:\/\/www.actualidadadiario.com\/index.php\/wp-json\/wp\/v2\/media\/7563"}],"wp:attachment":[{"href":"https:\/\/www.actualidadadiario.com\/index.php\/wp-json\/wp\/v2\/media?parent=121181"}],"wp:term":[{"taxonomy":"category","embeddable":true,"href":"https:\/\/www.actualidadadiario.com\/index.php\/wp-json\/wp\/v2\/categories?post=121181"},{"taxonomy":"post_tag","embeddable":true,"href":"https:\/\/www.actualidadadiario.com\/index.php\/wp-json\/wp\/v2\/tags?post=121181"}],"curies":[{"name":"wp","href":"https:\/\/api.w.org\/{rel}","templated":true}]}}