{"id":121179,"date":"2024-10-07T12:51:40","date_gmt":"2024-10-07T15:51:40","guid":{"rendered":"https:\/\/www.actualidadadiario.com\/?p=121179"},"modified":"2024-10-07T12:51:40","modified_gmt":"2024-10-07T15:51:40","slug":"alerta-en-el-campo-por-la-falta-de-lluvias-en-un-momento-critico","status":"publish","type":"post","link":"https:\/\/www.actualidadadiario.com\/index.php\/2024\/10\/07\/alerta-en-el-campo-por-la-falta-de-lluvias-en-un-momento-critico\/","title":{"rendered":"Alerta en el campo por la falta de lluvias en un momento cr\u00edtico"},"content":{"rendered":"<p style=\"text-align: center;\"><em><strong>Septiembre cerr\u00f3 pr\u00e1cticamente sin lluvias en la regi\u00f3n n\u00facleo y el panorama para el \u00faltimo tramo del a\u00f1o es alarmante. Crecen los pedidos de revisi\u00f3n de las retenciones porque los n\u00fameros no cierran<\/strong><\/em><\/p>\n<p>&nbsp;<\/p>\n<p>&nbsp;<\/p>\n<p>El panorama que se prev\u00e9 para la producci\u00f3n agropecuaria en el \u00faltimo trimestre del a\u00f1o es desalentador desde el punto de vista clim\u00e1tico: no habr\u00e1 lluvias que favorezcan el desarrollo de los cultivos. As\u00ed lo indica el informe que public\u00f3 recientemente el Servicio Meteorol\u00f3gico Nacional para los \u00faltimos meses de este 2024.<\/p>\n<p>Seg\u00fan el organismo meteorol\u00f3gico hay 81 % de probabilidad de desarrollo de La Ni\u00f1a, que se mantendr\u00e1 durante toda la primavera y el verano, es decir que las perspectivas de lluvias ser\u00edan deficitarias en casi todo el pa\u00eds.<\/p>\n<p>Las peores previsiones se ubicar\u00edan en las provincias que forman parte de la denominada \u201czona n\u00facleo\u201d, donde est\u00e1n los mejores suelos y generalmente se logran los mayores rendimientos en los cultivos. No s\u00f3lo habr\u00e1 lluvias deficitarias sino que adem\u00e1s las temperaturas se mantendr\u00e1n por encima de lo normal, lo que llevar\u00e1 a que las plantas tengan mayores necesidades h\u00eddricas en un contexto netamente deficitario.<\/p>\n<p>&nbsp;<\/p>\n<p><strong>Estado y condici\u00f3n de los cultivos<\/strong><\/p>\n<p>El \u00faltimo Panorama Agr\u00edcola Semanal de la Bolsa de Cereales de Buenos Aires (BCBA) indic\u00f3 que la siembra de ma\u00edz con destino grano comercial apenas lleg\u00f3 al 13,7%. Las labores se acentuaron en Entre R\u00edos, este de Santa Fe y en el centro bonaerense, zonas donde todav\u00eda hay humedad superficial pero se frenaron en casi toda la zona centro y se necesitan lluvias significativas antes del 15 de octubre para que muchos productores no se pasen a soja.<\/p>\n<p>Los productores a los que se les consult\u00f3 acerca del panorama actual detallaron que \u201csi no llegan al menos 30 mm, no hay manera de continuar\u201d. Otros m\u00e1s arriesgados podr\u00edan -teniendo en cuanta que por ahora existe una baja presencia de chicharrita- seguir apostando al ma\u00edz, siempre y cuando las lluvias lleguen a tiempo.<\/p>\n<p>En cuanto al trigo, a nivel nacional, los datos aportados por la Bolsa de Cereales de Buenos Aires indican que el 45,3 % del \u00e1rea sembrada presenta una condici\u00f3n h\u00eddrica \u00f3ptima y el 66 % informa una condici\u00f3n de cultivo de normal a excelente. Sin embargo, el panorama m\u00e1s complejo se vive en el NOA, donde comenz\u00f3 la cosecha de los primeros lotes con rendimientos por debajo de la media y muchos piensan en triturar el grano para forraje en lugar de cosecharlo.<\/p>\n<p>La situaci\u00f3n del trigo se complica d\u00eda a d\u00eda en la regi\u00f3n n\u00facleo. Adem\u00e1s, se advierte que, con esta sequ\u00eda, con un marcado estr\u00e9s t\u00e9rmico y en esta etapa del cultivo, el trigo est\u00e1 muy expuesto ante una helada o un golpe de calor.<\/p>\n<p>Todas estas situaciones hacen que la campa\u00f1a avance en c\u00e1mara lenta, porque el retraso que se vive en la implantaci\u00f3n de los cultivos se refleja en la evoluci\u00f3n de los negocios a la hora de adquirir insumos. En este sentido, Juan Pedro Gazzotti, director de negocios y marketing de Nera, asegur\u00f3 que \u201cla demanda viene m\u00e1s moderada que en otros a\u00f1os.<\/p>\n<p>Es una campa\u00f1a mucho m\u00e1s anal\u00edtica, con el productor siguiendo muy de cerca el comportamiento del clima y la evoluci\u00f3n de los precios de los commodities para tomar decisiones sobre qu\u00e9 cultivo y qu\u00e9 inversi\u00f3n llevar adelante. A la hora de financiar esta inversi\u00f3n hay que estar atentos a las ventanas de oportunidad concretas como los cr\u00e9ditos en d\u00f3lares que hoy tienen tasas inferiores al 6%, un valor por debajo de las medias internacionales y con una tasa real positiva inferior a la inflaci\u00f3n proyectada\u201d.<\/p>\n<p>&nbsp;<\/p>\n<p><strong>A definir las estrategias agron\u00f3micas<\/strong><\/p>\n<p>Sin dudas, la etapa financiera es determinante en un a\u00f1o como el que nos toca atravesar y m\u00e1s a\u00fan para miles de productores que perdieron capital de trabajo en los \u00faltimos a\u00f1os por las sequ\u00edas sufridas. Pero lo cierto es que los pron\u00f3sticos indican que continuar\u00e1 esta tendencia de falta de lluvias, por lo tanto habr\u00e1 que planificar y ser estrategas. Ya sabemos que hay mucha superficie qu\u00e9 dejar\u00e1 el ma\u00edz y pasar\u00e1 a girasol, soja o sorgo. De hecho, la Bolsa de Cereales de Buenos Aires estim\u00f3 que el \u00e1rea de la oleaginosa podr\u00eda llegar a las 19 millones de hect\u00e1reas y es probable que muchos busquen sembrar con la mayor humedad posible, al l\u00edmite en las ventanas de siembra.<\/p>\n<p>Un aspecto clave del cultivo es la fertilizaci\u00f3n y la decisi\u00f3n de cu\u00e1nto y c\u00f3mo se est\u00e1 tomando por estos d\u00edas. Gustavo Elias, gerente de sustentabilidad y agronom\u00eda en Yara Argentina asegur\u00f3 a \u00c1mbito que ante estas dificultades que nos propone el a\u00f1o \u201chay ciertas recomendaciones que podemos tener en cuenta a la hora de pensar en la fertilizaci\u00f3n, por ejemplo del cultivo de soja, en el que tenemos que pensar en una fertilizaci\u00f3n balanceada con un arrancador, tanto pensando en aporte de f\u00f3sforo o de azufre que permita al cultivo una implantaci\u00f3n \u00f3ptima y complementar esa fertilizaci\u00f3n de base de arranque con distintas tecnolog\u00edas que hay disponibles para potenciar ese vigor de las semillas, que en esta campa\u00f1a es un punto a tener en cuenta\u201d.<\/p>\n<p>Otro punto a tener muy presente en este tipo de contextos es la protecci\u00f3n del cultivo. Juan Caporicci, gerente de servicio t\u00e9cnico de FMC Argentina asegur\u00f3 que \u201ca la campa\u00f1a la soja le va a costar defenderse, porque un cultivo con menos agua es menos competitivo contra malezas, que son mucho m\u00e1s eficientes a la hora de competir con menos agua. Adem\u00e1s, cualquier ataque de plagas nos va a reducir primero \u00e1rea foliar o estructura de planta y en estos a\u00f1os secos no podemos perder ni una hoja, ni una vaina, ni un grano, los tenemos que defender hasta tanto podamos definir rendimientos\u201d.<\/p>\n<p>Seg\u00fan Caporicci, \u201cestos a\u00f1os secos que de por s\u00ed nos est\u00e1n predisponiendo a un potencial de rinde menor para los cultivos en general, son los a\u00f1os en los cuales tenemos que pensar m\u00e1s y ser sumamente estrat\u00e9gicos en las inversiones para el manejo de malezas, plagas y enfermedades para tratar de defender al cultivo y que trate de llegar a su m\u00e1ximo potencial\u201d.<\/p>\n<p>La campa\u00f1a gruesa no es lo que los las empresas ni los productores esperaban y este tipo de desaf\u00edos son los que el agro en su conjunto deber\u00e1 enfrentar hasta que concluya el ciclo 2024\/25. En el campo todos son conscientes de que este a\u00f1o no ser\u00e1 de recuperaci\u00f3n, sino m\u00e1s bien de supervivencia, porque seg\u00fan los modelos clim\u00e1ticos la falta de agua se har\u00e1 notar. La pregunta -ante esta descripci\u00f3n de la realidad- es si el Gobierno est\u00e1 al tanto de esta situaci\u00f3n y en ese caso qu\u00e9 decisiones va a tomar, porque la recaudaci\u00f3n no ser\u00e1 la esperada. Para que lleguen los d\u00f3lares tiene que haber grano, y para que haya grano tiene que llover.<\/p>\n","protected":false},"excerpt":{"rendered":"<p>Septiembre cerr\u00f3 pr\u00e1cticamente sin lluvias en la regi\u00f3n n\u00facleo y el panorama para el \u00faltimo tramo del a\u00f1o es alarmante. Crecen los pedidos de revisi\u00f3n de las retenciones porque los n\u00fameros no cierran &nbsp; &nbsp; El panorama que se prev\u00e9 para la producci\u00f3n agropecuaria en el \u00faltimo trimestre del a\u00f1o es desalentador desde el punto de vista clim\u00e1tico: no habr\u00e1 lluvias que favorezcan el desarrollo de los cultivos. As\u00ed lo indica el informe que public\u00f3 recientemente el Servicio Meteorol\u00f3gico Nacional para los \u00faltimos meses de este 2024. Seg\u00fan el organismo&#8230;<\/p>\n","protected":false},"author":3,"featured_media":118016,"comment_status":"closed","ping_status":"closed","sticky":false,"template":"","format":"standard","meta":[],"categories":[2],"tags":[],"_links":{"self":[{"href":"https:\/\/www.actualidadadiario.com\/index.php\/wp-json\/wp\/v2\/posts\/121179"}],"collection":[{"href":"https:\/\/www.actualidadadiario.com\/index.php\/wp-json\/wp\/v2\/posts"}],"about":[{"href":"https:\/\/www.actualidadadiario.com\/index.php\/wp-json\/wp\/v2\/types\/post"}],"author":[{"embeddable":true,"href":"https:\/\/www.actualidadadiario.com\/index.php\/wp-json\/wp\/v2\/users\/3"}],"replies":[{"embeddable":true,"href":"https:\/\/www.actualidadadiario.com\/index.php\/wp-json\/wp\/v2\/comments?post=121179"}],"version-history":[{"count":1,"href":"https:\/\/www.actualidadadiario.com\/index.php\/wp-json\/wp\/v2\/posts\/121179\/revisions"}],"predecessor-version":[{"id":121180,"href":"https:\/\/www.actualidadadiario.com\/index.php\/wp-json\/wp\/v2\/posts\/121179\/revisions\/121180"}],"wp:featuredmedia":[{"embeddable":true,"href":"https:\/\/www.actualidadadiario.com\/index.php\/wp-json\/wp\/v2\/media\/118016"}],"wp:attachment":[{"href":"https:\/\/www.actualidadadiario.com\/index.php\/wp-json\/wp\/v2\/media?parent=121179"}],"wp:term":[{"taxonomy":"category","embeddable":true,"href":"https:\/\/www.actualidadadiario.com\/index.php\/wp-json\/wp\/v2\/categories?post=121179"},{"taxonomy":"post_tag","embeddable":true,"href":"https:\/\/www.actualidadadiario.com\/index.php\/wp-json\/wp\/v2\/tags?post=121179"}],"curies":[{"name":"wp","href":"https:\/\/api.w.org\/{rel}","templated":true}]}}