{"id":121172,"date":"2024-10-07T12:06:36","date_gmt":"2024-10-07T15:06:36","guid":{"rendered":"https:\/\/www.actualidadadiario.com\/?p=121172"},"modified":"2024-10-07T12:06:36","modified_gmt":"2024-10-07T15:06:36","slug":"fin-de-semana-xl-crece-la-venta-de-pasajes-para-provincias-cercanas-a-entre-rios","status":"publish","type":"post","link":"https:\/\/www.actualidadadiario.com\/index.php\/2024\/10\/07\/fin-de-semana-xl-crece-la-venta-de-pasajes-para-provincias-cercanas-a-entre-rios\/","title":{"rendered":"Fin de semana XL: crece la venta de pasajes para provincias cercanas a Entre R\u00edos"},"content":{"rendered":"<p style=\"text-align: center;\"><em><strong>Desde la terminal de colectivos informaron que la demanda para destinos de la provincia de C\u00f3rdoba para el fin de semana largo. Adem\u00e1s, brindaron detalles de precios y opciones de pago<\/strong><\/em><\/p>\n<p>&nbsp;<\/p>\n<p>&nbsp;<\/p>\n<p>En este mes del a\u00f1o tiene dos fechas importantes en cuanto al movimiento tur\u00edstico y la posibilidad de que las personas viajen. Uno es el fin de semana largo del viernes 11 de octubre al domingo 13 y otro es el D\u00eda de la Madre, que este a\u00f1o es el 20 de octubre.<\/p>\n<p>En este marco, el encargado de la boleter\u00eda de El Pr\u00e1ctico de Paran\u00e1, Jos\u00e9 Mar\u00eda, de la terminal de colectivos fue quien brind\u00f3 detalles sobre la venta de pasajes.<\/p>\n<p>En cuanto al fin de semana largo, mencion\u00f3 que \u201cdesde el jueves a la noche pusimos refuerzos para los destinos a la provincia de C\u00f3rdoba porque ya hab\u00eda servicios completos. La gente aprovecha los fines de semana largos para viajar\u201d.<\/p>\n<p>En este sentido, sostuvo que \u201cC\u00f3rdoba al ser un destino cercano de Paran\u00e1, a la gente le gusta porque llega bastante r\u00e1pido. Se este movimiento bien y esto nos entusiasma\u201d.<\/p>\n<p>En cuanto a los precios el trabajador precis\u00f3 que \u201cofrecemos descuentos de un 20 por ciento a jubilados, presionados y docentes. A C\u00f3rdoba el pasaje con descuento, ida y vuelta, cuesta 58.000 pesos. En tanto el servicio de coche cama tiene un valor de 71.000 pesos\u201d.<\/p>\n<p>\u201cLas tarjetas de cr\u00e9dito tambi\u00e9n est\u00e1n dando resultado, el cr\u00e9dito se usa mucho. Adem\u00e1s, hay tres y seis cuotas sin inter\u00e9s\u201d, sostuvo.<\/p>\n<p>Finalmente, destac\u00f3 que ya est\u00e1n vendiendo pasajes para la temporada de verano.<\/p>\n<p>&nbsp;<\/p>\n<p><strong>Desregulaci\u00f3n del transporte<\/strong><\/p>\n<p>El gobierno nacional desregul\u00f3 el transporte de pasajeros de colectivos de media y larga distancia. El decreto establece la creaci\u00f3n de un nuevo registro online para el transporte de pasajeros con el libre establecimiento de rutas y horarios.<\/p>\n<p>Por otro lado, podr\u00e1n definir sus recorridos, horarios, precios y paradas, que en el caso de estas \u00faltimas deber\u00e1n estar autorizadas por la jurisdicci\u00f3n local respectiva.<\/p>\n<p>La Secretar\u00eda de Transporte argument\u00f3 que la desregulaci\u00f3n tiene como objetivo la &#8220;liberalizaci\u00f3n, modernizaci\u00f3n y desregulaci\u00f3n del transporte automotor de pasajeros y su adaptaci\u00f3n a la din\u00e1mica de transporte actual&#8221;.<\/p>\n<p>Sobre este tema, Jos\u00e9 Mar\u00eda sostuvo: \u201cEs algo que ya vivimos con Menem, pero no como, as\u00ed como ahora se prev\u00e9 ahora\u201d<\/p>\n<p>\u201cCreemos que habr\u00e1 mayor competencia, aparecer\u00e1n nuevas empresas, esto generar\u00e1 mayor descuento y promociones. Los costos son alt\u00edsimos para las empresas, teniendo en cuenta combustibles y peajes\u201d, cerr\u00f3.<\/p>\n","protected":false},"excerpt":{"rendered":"<p>Desde la terminal de colectivos informaron que la demanda para destinos de la provincia de C\u00f3rdoba para el fin de semana largo. Adem\u00e1s, brindaron detalles de precios y opciones de pago &nbsp; &nbsp; En este mes del a\u00f1o tiene dos fechas importantes en cuanto al movimiento tur\u00edstico y la posibilidad de que las personas viajen. Uno es el fin de semana largo del viernes 11 de octubre al domingo 13 y otro es el D\u00eda de la Madre, que este a\u00f1o es el 20 de octubre. En este marco, el&#8230;<\/p>\n","protected":false},"author":3,"featured_media":121173,"comment_status":"closed","ping_status":"closed","sticky":false,"template":"","format":"standard","meta":[],"categories":[15],"tags":[],"_links":{"self":[{"href":"https:\/\/www.actualidadadiario.com\/index.php\/wp-json\/wp\/v2\/posts\/121172"}],"collection":[{"href":"https:\/\/www.actualidadadiario.com\/index.php\/wp-json\/wp\/v2\/posts"}],"about":[{"href":"https:\/\/www.actualidadadiario.com\/index.php\/wp-json\/wp\/v2\/types\/post"}],"author":[{"embeddable":true,"href":"https:\/\/www.actualidadadiario.com\/index.php\/wp-json\/wp\/v2\/users\/3"}],"replies":[{"embeddable":true,"href":"https:\/\/www.actualidadadiario.com\/index.php\/wp-json\/wp\/v2\/comments?post=121172"}],"version-history":[{"count":1,"href":"https:\/\/www.actualidadadiario.com\/index.php\/wp-json\/wp\/v2\/posts\/121172\/revisions"}],"predecessor-version":[{"id":121174,"href":"https:\/\/www.actualidadadiario.com\/index.php\/wp-json\/wp\/v2\/posts\/121172\/revisions\/121174"}],"wp:featuredmedia":[{"embeddable":true,"href":"https:\/\/www.actualidadadiario.com\/index.php\/wp-json\/wp\/v2\/media\/121173"}],"wp:attachment":[{"href":"https:\/\/www.actualidadadiario.com\/index.php\/wp-json\/wp\/v2\/media?parent=121172"}],"wp:term":[{"taxonomy":"category","embeddable":true,"href":"https:\/\/www.actualidadadiario.com\/index.php\/wp-json\/wp\/v2\/categories?post=121172"},{"taxonomy":"post_tag","embeddable":true,"href":"https:\/\/www.actualidadadiario.com\/index.php\/wp-json\/wp\/v2\/tags?post=121172"}],"curies":[{"name":"wp","href":"https:\/\/api.w.org\/{rel}","templated":true}]}}