{"id":121166,"date":"2024-10-07T12:04:15","date_gmt":"2024-10-07T15:04:15","guid":{"rendered":"https:\/\/www.actualidadadiario.com\/?p=121166"},"modified":"2024-10-07T12:04:15","modified_gmt":"2024-10-07T15:04:15","slug":"chajari-comienzan-a-vacunar-contra-el-dengue-a-quienes-ya-padecieron-la-enfermedad","status":"publish","type":"post","link":"https:\/\/www.actualidadadiario.com\/index.php\/2024\/10\/07\/chajari-comienzan-a-vacunar-contra-el-dengue-a-quienes-ya-padecieron-la-enfermedad\/","title":{"rendered":"Chajar\u00ed: comienzan a vacunar contra el dengue a quienes ya padecieron la enfermedad"},"content":{"rendered":"<p style=\"text-align: center;\"><em><strong>Esta ma\u00f1ana, a partir de las 11, se dar\u00e1 inicio a la campa\u00f1a de vacunaci\u00f3n contra el dengue en el Hospital Santa Rosa de Chajar\u00ed. En esta primera etapa, est\u00e1 alcanzado el grupo etario de 15 a 19 a\u00f1os, inclusive<\/strong><\/em><\/p>\n<p>&nbsp;<\/p>\n<p>&nbsp;<\/p>\n<p>Los requisitos para ser vacunado son: estar notificado en el SISA (Sistema Informaci\u00f3n Sanitaria Argentina), tener entre 15 y 19 a\u00f1os, inclusive, haber pasado 6 meses de la fecha que contrajo la enfermedad. En cambio, sino figura en SISA, deber\u00e1 presentar un pedido m\u00e9dico que indique la aplicaci\u00f3n de la vacuna y fecha que contrajo la enfermedad, el laboratorio que confirme el diagnostico. Para aplicarse la vacuna, debe acercarse al consultorio de vacunaci\u00f3n, de lunes a viernes, de 11 a 14 horas con DNI.<\/p>\n<p>El jueves pasado, el ministro de Salud, Guillermo Grieve, y el director general de Epidemiolog\u00eda, Diego Garcilazo, informaron que Entre R\u00edos aplicar\u00e1 la vacuna contra el dengue en el departamento Federaci\u00f3n. Asimismo, se puso el foco en que la principal estrategia preventiva es sostener las medidas de cuidado.<\/p>\n<p>\u00abLa estrategia adoptada por la provincia se enfoca en \u00e1reas espec\u00edficas con alta transmisi\u00f3n del virus, priorizando a las personas de entre 15 y 39 a\u00f1os que ya hayan tenido dengue (notificados en el registro epidemiol\u00f3gico del Ministerio de Salud de Entre R\u00edos), porque este grupo ha mostrado una mayor respuesta a la vacuna, lo que permite optimizar los recursos y maximizar el impacto en la salud p\u00fablica\u00bb, complet\u00f3 Grieve.<\/p>\n<p>Garcilazo explic\u00f3 c\u00f3mo se determin\u00f3 al departamento Federaci\u00f3n para llevar adelante las acciones de inmunizaci\u00f3n. \u00abUno de los criterios primordiales al definir los lugares a vacunar es la situaci\u00f3n epidemiol\u00f3gica. Nosotros presentamos ante el Ministerio de Salud de la Naci\u00f3n los indicadores de nuestra provincia y en esa evaluaci\u00f3n, que se hizo tomando datos hist\u00f3ricos de los brotes que hemos tenido en los \u00faltimos 20 a\u00f1os, el departamento con mayor n\u00famero de casos y mayor riesgo de enfermedad ha sido el departamento Federaci\u00f3n, principalmente en sus dos localidades m\u00e1s grandes, que son Chajar\u00ed y la ciudad de Federaci\u00f3n\u00bb.<\/p>\n<p>En la oportunidad se compartieron los datos del brote m\u00e1s reciente (que reflejan que del 1 de agosto de 2023 al 23 de agosto de 2024 el Departamento Federaci\u00f3n registr\u00f3 3.588 casos de dengue), cifras que llevaron a definir que en nuestra provincia la vacunaci\u00f3n se desarrolle en las localidades de Federaci\u00f3n y Chajar\u00ed.<\/p>\n<p>Las autoridades explicaron que en Entre R\u00edos ya se est\u00e1 llevando a cabo la primera etapa del programa denominado Misi\u00f3n Dengue. \u00abTransitamos la primera etapa, que comprende octubre y noviembre, ocho semanas en las que estaremos trabajando junto a municipios de toda la provincia en la estrategia de Comunas Limpias, porque la acci\u00f3n de prevenci\u00f3n m\u00e1s importante es la limpieza\u00bb, se\u00f1al\u00f3 Grieve, y a\u00f1adi\u00f3: \u00abPara evitar la proliferaci\u00f3n del mosquito, debemos eliminar potenciales criaderos en recipientes que acumulen agua\u00bb.<\/p>\n","protected":false},"excerpt":{"rendered":"<p>Esta ma\u00f1ana, a partir de las 11, se dar\u00e1 inicio a la campa\u00f1a de vacunaci\u00f3n contra el dengue en el Hospital Santa Rosa de Chajar\u00ed. En esta primera etapa, est\u00e1 alcanzado el grupo etario de 15 a 19 a\u00f1os, inclusive &nbsp; &nbsp; Los requisitos para ser vacunado son: estar notificado en el SISA (Sistema Informaci\u00f3n Sanitaria Argentina), tener entre 15 y 19 a\u00f1os, inclusive, haber pasado 6 meses de la fecha que contrajo la enfermedad. En cambio, sino figura en SISA, deber\u00e1 presentar un pedido m\u00e9dico que indique la aplicaci\u00f3n&#8230;<\/p>\n","protected":false},"author":3,"featured_media":121167,"comment_status":"closed","ping_status":"closed","sticky":false,"template":"","format":"standard","meta":[],"categories":[15],"tags":[],"_links":{"self":[{"href":"https:\/\/www.actualidadadiario.com\/index.php\/wp-json\/wp\/v2\/posts\/121166"}],"collection":[{"href":"https:\/\/www.actualidadadiario.com\/index.php\/wp-json\/wp\/v2\/posts"}],"about":[{"href":"https:\/\/www.actualidadadiario.com\/index.php\/wp-json\/wp\/v2\/types\/post"}],"author":[{"embeddable":true,"href":"https:\/\/www.actualidadadiario.com\/index.php\/wp-json\/wp\/v2\/users\/3"}],"replies":[{"embeddable":true,"href":"https:\/\/www.actualidadadiario.com\/index.php\/wp-json\/wp\/v2\/comments?post=121166"}],"version-history":[{"count":1,"href":"https:\/\/www.actualidadadiario.com\/index.php\/wp-json\/wp\/v2\/posts\/121166\/revisions"}],"predecessor-version":[{"id":121168,"href":"https:\/\/www.actualidadadiario.com\/index.php\/wp-json\/wp\/v2\/posts\/121166\/revisions\/121168"}],"wp:featuredmedia":[{"embeddable":true,"href":"https:\/\/www.actualidadadiario.com\/index.php\/wp-json\/wp\/v2\/media\/121167"}],"wp:attachment":[{"href":"https:\/\/www.actualidadadiario.com\/index.php\/wp-json\/wp\/v2\/media?parent=121166"}],"wp:term":[{"taxonomy":"category","embeddable":true,"href":"https:\/\/www.actualidadadiario.com\/index.php\/wp-json\/wp\/v2\/categories?post=121166"},{"taxonomy":"post_tag","embeddable":true,"href":"https:\/\/www.actualidadadiario.com\/index.php\/wp-json\/wp\/v2\/tags?post=121166"}],"curies":[{"name":"wp","href":"https:\/\/api.w.org\/{rel}","templated":true}]}}