{"id":121163,"date":"2024-10-07T12:03:04","date_gmt":"2024-10-07T15:03:04","guid":{"rendered":"https:\/\/www.actualidadadiario.com\/?p=121163"},"modified":"2024-10-07T12:03:04","modified_gmt":"2024-10-07T15:03:04","slug":"seleccionan-a-escuela-entrerriana-para-ser-anfitriona-de-una-competencia-de-educacion-tecnica-de-todo-el-pais","status":"publish","type":"post","link":"https:\/\/www.actualidadadiario.com\/index.php\/2024\/10\/07\/seleccionan-a-escuela-entrerriana-para-ser-anfitriona-de-una-competencia-de-educacion-tecnica-de-todo-el-pais\/","title":{"rendered":"Seleccionan a escuela entrerriana para ser anfitriona de una competencia de educaci\u00f3n t\u00e9cnica de todo el pa\u00eds"},"content":{"rendered":"<p style=\"text-align: center;\"><em><strong>El Desaf\u00edo Eco YPF es una competencia donde los estudiantes de escuelas t\u00e9cnicas de todo el pa\u00eds deben dise\u00f1ar y construir, con la gu\u00eda de sus profesores, un autom\u00f3vil el\u00e9ctrico alimentado por bater\u00edas que responda al reglamento t\u00e9cnico del campeonato. La Escuela de Educaci\u00f3n T\u00e9cnica N\u00ba 3 Anexo de Formaci\u00f3n Profesional Dr. Miguel \u00c1ngel Marsiglia de Concepci\u00f3n del Uruguay ser\u00e1 la escuela anfitriona y participante del Desaf\u00edo Eco YPF que se desarrollar\u00e1 en el aut\u00f3dromo de la ciudad el 1, 2 y 3 de noviembre<\/strong><\/em><\/p>\n<p>&nbsp;<\/p>\n<p>&nbsp;<\/p>\n<p>El jefe de Taller de la escuela, Jorge Isgleas, explic\u00f3 que el esp\u00edritu del desaf\u00edo es el &#8220;trabajo colaborativo y poner en evidencias las capacidades desarrolladas por los estudiantes a lo largo del tr\u00e1nsito por la escuela, dise\u00f1ando y construyendo aplicando principios cient\u00edficos, conceptos de f\u00edsica, matem\u00e1tica y de sistemas tecnol\u00f3gicos&#8221;.<\/p>\n<p>Puntualiz\u00f3 que el esp\u00edritu de este campeonato es &#8220;motivar y educar a los estudiantes en la investigaci\u00f3n de sistemas de transporte alternativos no contaminantes y promover el trabajo en equipo para dise\u00f1ar, producir, testear y competir utilizando nuevas tecnolog\u00edas. Se fomenta la camarader\u00eda, la integraci\u00f3n de g\u00e9nero, premiando el esp\u00edritu deportivo&#8221;, resalt\u00f3.<\/p>\n<p>En este sentido, indic\u00f3 que la EET Marsiglia tiene una fuerte identificaci\u00f3n con la electromovilidad y las energ\u00edas renovables, &#8220;por ello fuimos invitados para ser anfitriones y participar con un equipo en el campeonato&#8221;, apunt\u00f3, tras detallar que dispondr\u00e1n de 20 d\u00edas para tener el veh\u00edculo rodando y poder hacer algunas pruebas. &#8220;Es un gran desaf\u00edo para nuestros estudiantes y docentes pero tambi\u00e9n muy motivante que llevaremos adelante para representar a la ciudad&#8221;, destac\u00f3 Jorge Isgleas.<\/p>\n","protected":false},"excerpt":{"rendered":"<p>El Desaf\u00edo Eco YPF es una competencia donde los estudiantes de escuelas t\u00e9cnicas de todo el pa\u00eds deben dise\u00f1ar y construir, con la gu\u00eda de sus profesores, un autom\u00f3vil el\u00e9ctrico alimentado por bater\u00edas que responda al reglamento t\u00e9cnico del campeonato. La Escuela de Educaci\u00f3n T\u00e9cnica N\u00ba 3 Anexo de Formaci\u00f3n Profesional Dr. Miguel \u00c1ngel Marsiglia de Concepci\u00f3n del Uruguay ser\u00e1 la escuela anfitriona y participante del Desaf\u00edo Eco YPF que se desarrollar\u00e1 en el aut\u00f3dromo de la ciudad el 1, 2 y 3 de noviembre &nbsp; &nbsp; El jefe de&#8230;<\/p>\n","protected":false},"author":3,"featured_media":121164,"comment_status":"closed","ping_status":"closed","sticky":false,"template":"","format":"standard","meta":[],"categories":[15],"tags":[],"_links":{"self":[{"href":"https:\/\/www.actualidadadiario.com\/index.php\/wp-json\/wp\/v2\/posts\/121163"}],"collection":[{"href":"https:\/\/www.actualidadadiario.com\/index.php\/wp-json\/wp\/v2\/posts"}],"about":[{"href":"https:\/\/www.actualidadadiario.com\/index.php\/wp-json\/wp\/v2\/types\/post"}],"author":[{"embeddable":true,"href":"https:\/\/www.actualidadadiario.com\/index.php\/wp-json\/wp\/v2\/users\/3"}],"replies":[{"embeddable":true,"href":"https:\/\/www.actualidadadiario.com\/index.php\/wp-json\/wp\/v2\/comments?post=121163"}],"version-history":[{"count":1,"href":"https:\/\/www.actualidadadiario.com\/index.php\/wp-json\/wp\/v2\/posts\/121163\/revisions"}],"predecessor-version":[{"id":121165,"href":"https:\/\/www.actualidadadiario.com\/index.php\/wp-json\/wp\/v2\/posts\/121163\/revisions\/121165"}],"wp:featuredmedia":[{"embeddable":true,"href":"https:\/\/www.actualidadadiario.com\/index.php\/wp-json\/wp\/v2\/media\/121164"}],"wp:attachment":[{"href":"https:\/\/www.actualidadadiario.com\/index.php\/wp-json\/wp\/v2\/media?parent=121163"}],"wp:term":[{"taxonomy":"category","embeddable":true,"href":"https:\/\/www.actualidadadiario.com\/index.php\/wp-json\/wp\/v2\/categories?post=121163"},{"taxonomy":"post_tag","embeddable":true,"href":"https:\/\/www.actualidadadiario.com\/index.php\/wp-json\/wp\/v2\/tags?post=121163"}],"curies":[{"name":"wp","href":"https:\/\/api.w.org\/{rel}","templated":true}]}}