{"id":121160,"date":"2024-10-07T12:01:51","date_gmt":"2024-10-07T15:01:51","guid":{"rendered":"https:\/\/www.actualidadadiario.com\/?p=121160"},"modified":"2024-10-07T12:01:51","modified_gmt":"2024-10-07T15:01:51","slug":"salud-mental-la-region-centro-expreso-su-preocupacion-por-el-cierre-de-servicios-del-hospital-bonaparte","status":"publish","type":"post","link":"https:\/\/www.actualidadadiario.com\/index.php\/2024\/10\/07\/salud-mental-la-region-centro-expreso-su-preocupacion-por-el-cierre-de-servicios-del-hospital-bonaparte\/","title":{"rendered":"Salud Mental: la Regi\u00f3n Centro expres\u00f3 su preocupaci\u00f3n por el cierre de servicios del Hospital Bonaparte"},"content":{"rendered":"<p style=\"text-align: center;\"><em><strong>Ante la decisi\u00f3n de cerrar servicios esenciales del efector nacional, los ministerios de Salud de Santa Fe, Entre R\u00edos y C\u00f3rdoba, manifiestan su preocupaci\u00f3n por los derechos de usuarios y la situaci\u00f3n del equipo de salud<\/strong><\/em><\/p>\n<p>&nbsp;<\/p>\n<p>&nbsp;<\/p>\n<p>La Mesa Permanente de Salud, que integran los ministerios de las provincias de Santa Fe, C\u00f3rdoba y Entre R\u00edos, a cargo de Silvia Ciancio, Ricardo Pieckenstainer y Guillermo Grieve, respectivamente, manifiestan su profunda preocupaci\u00f3n ante el anunciado cierre de los servicios de guardia y de internaci\u00f3n del Hospital Nacional de Salud Mental &#8220;Lic. Laura Bonaparte&#8221;, ubicado en Ciudad Aut\u00f3noma de Buenos Aires y dependiente del Estado Nacional. A trav\u00e9s de sus respectivas \u00e1reas de Salud Mental, las provincias expresan que esta decisi\u00f3n no solo deja a los usuarios sin un lugar donde recibir la atenci\u00f3n necesaria, sino que tambi\u00e9n vulnera los derechos de los pacientes y los trabajadores.<\/p>\n<p>Este acto refleja un desinter\u00e9s por la salud p\u00fablica en su conjunto y carece de una justificaci\u00f3n clara, agravando una situaci\u00f3n sanitaria ya alarmante. Esta medida pone en riesgo la continuidad de servicios esenciales de atenci\u00f3n, tales como las guardias y las internaciones en uno de los principales hospitales nacionales dedicados a la salud mental, desatendiendo a personas en situaci\u00f3n de vulnerabilidad y afectando gravemente la calidad de la respuesta sanitaria.<\/p>\n<p>Adem\u00e1s, este cierre pone en peligro la estabilidad laboral de los profesionales de la salud mental, cuyo trabajo resulta fundamental para garantizar el bienestar y la recuperaci\u00f3n de las personas que reciben tratamiento. La continuidad de los tratamientos, tanto en internaciones como en consultas ambulatorias, debe estar asegurada en todo momento por el Estado, en su rol de garante del acceso a servicios de salud.<\/p>\n<p>Es imprescindible que cualquier reestructuraci\u00f3n o descentralizaci\u00f3n de estos servicios se realice con plena consideraci\u00f3n de los derechos humanos de las personas con discapacidad psicosocial e intelectual, tal como lo establecen los principios fundamentales de nuestro sistema de salud mental.<\/p>\n<p>Se solicita al Estado Nacional que aclare de manera urgente los planes para asegurar una atenci\u00f3n adecuada y que tome decisiones dentro de un marco de di\u00e1logo amplio y transparente con los actores involucrados. La protecci\u00f3n de la salud mental de la poblaci\u00f3n debe ser una prioridad.<\/p>\n","protected":false},"excerpt":{"rendered":"<p>Ante la decisi\u00f3n de cerrar servicios esenciales del efector nacional, los ministerios de Salud de Santa Fe, Entre R\u00edos y C\u00f3rdoba, manifiestan su preocupaci\u00f3n por los derechos de usuarios y la situaci\u00f3n del equipo de salud &nbsp; &nbsp; La Mesa Permanente de Salud, que integran los ministerios de las provincias de Santa Fe, C\u00f3rdoba y Entre R\u00edos, a cargo de Silvia Ciancio, Ricardo Pieckenstainer y Guillermo Grieve, respectivamente, manifiestan su profunda preocupaci\u00f3n ante el anunciado cierre de los servicios de guardia y de internaci\u00f3n del Hospital Nacional de Salud Mental&#8230;<\/p>\n","protected":false},"author":3,"featured_media":121161,"comment_status":"closed","ping_status":"closed","sticky":false,"template":"","format":"standard","meta":[],"categories":[15],"tags":[],"_links":{"self":[{"href":"https:\/\/www.actualidadadiario.com\/index.php\/wp-json\/wp\/v2\/posts\/121160"}],"collection":[{"href":"https:\/\/www.actualidadadiario.com\/index.php\/wp-json\/wp\/v2\/posts"}],"about":[{"href":"https:\/\/www.actualidadadiario.com\/index.php\/wp-json\/wp\/v2\/types\/post"}],"author":[{"embeddable":true,"href":"https:\/\/www.actualidadadiario.com\/index.php\/wp-json\/wp\/v2\/users\/3"}],"replies":[{"embeddable":true,"href":"https:\/\/www.actualidadadiario.com\/index.php\/wp-json\/wp\/v2\/comments?post=121160"}],"version-history":[{"count":1,"href":"https:\/\/www.actualidadadiario.com\/index.php\/wp-json\/wp\/v2\/posts\/121160\/revisions"}],"predecessor-version":[{"id":121162,"href":"https:\/\/www.actualidadadiario.com\/index.php\/wp-json\/wp\/v2\/posts\/121160\/revisions\/121162"}],"wp:featuredmedia":[{"embeddable":true,"href":"https:\/\/www.actualidadadiario.com\/index.php\/wp-json\/wp\/v2\/media\/121161"}],"wp:attachment":[{"href":"https:\/\/www.actualidadadiario.com\/index.php\/wp-json\/wp\/v2\/media?parent=121160"}],"wp:term":[{"taxonomy":"category","embeddable":true,"href":"https:\/\/www.actualidadadiario.com\/index.php\/wp-json\/wp\/v2\/categories?post=121160"},{"taxonomy":"post_tag","embeddable":true,"href":"https:\/\/www.actualidadadiario.com\/index.php\/wp-json\/wp\/v2\/tags?post=121160"}],"curies":[{"name":"wp","href":"https:\/\/api.w.org\/{rel}","templated":true}]}}