{"id":121145,"date":"2024-10-04T15:27:53","date_gmt":"2024-10-04T18:27:53","guid":{"rendered":"https:\/\/www.actualidadadiario.com\/?p=121145"},"modified":"2024-10-04T15:27:53","modified_gmt":"2024-10-04T18:27:53","slug":"jamenei-ataque-contra-israel-fue-el-menor-de-los-castigos","status":"publish","type":"post","link":"https:\/\/www.actualidadadiario.com\/index.php\/2024\/10\/04\/jamenei-ataque-contra-israel-fue-el-menor-de-los-castigos\/","title":{"rendered":"Jamenei: ataque contra Israel fue \u201cel menor de los castigos\u201d"},"content":{"rendered":"<p style=\"text-align: center;\"><em><strong>El l\u00edder supremo de Ir\u00e1n asegur\u00f3 que su pa\u00eds volver\u00e1 a atacar, \u201csi es necesario\u201d. Adem\u00e1s, hizo un llamado a la unidad de los musulmanes contra el \u201cenemigo com\u00fan\u201d<\/strong><\/em><\/p>\n<p>&nbsp;<\/p>\n<p>&nbsp;<\/p>\n<p>El l\u00edder supremo de Ir\u00e1n, Ali Jamenei, afirm\u00f3 este viernes que el ataque lanzado por su pa\u00eds contra Israel fue &#8220;el menor de los castigos por la agresi\u00f3n israel\u00ed\u201d, comentario que hizo con un rifle en la mano durante un rezo colectivo en conmemoraci\u00f3n del asesinado l\u00edder de la milicia libanesa Hezbol\u00e1, Hassan Nasrallah.<\/p>\n<p>&#8220;La brillante acci\u00f3n de nuestras fuerzas armadas hace un par de noches fue completamente legal y leg\u00edtima&#8221;, se\u00f1al\u00f3 Jamenei, m\u00e1xima autoridad pol\u00edtica y religiosa de Ir\u00e1n, en referencia al ataque con 200 misiles del martes por la noche contra Israel. Jamenei habl\u00f3 ante miles de fieles en la mezquita del Imam Jomeini, en Teher\u00e1n.<\/p>\n<p>&#8220;Cada golpe al r\u00e9gimen sionista es un servicio a toda la humanidad\u201d, afirm\u00f3 en un discurso pronunciado en parte en \u00e1rabe y no en farsi, para &#8220;llegar a todo el mundo isl\u00e1mico\u201d. Asegur\u00f3 adem\u00e1s que &#8220;si es necesario, golpearemos de nuevo al r\u00e9gimen sionista en el futuro\u201d, aunque matiz\u00f3 que &#8220;no dudaremos ni nos apresuraremos. Haremos lo que sea sensato\u201d.<\/p>\n<p>&nbsp;<\/p>\n<p><strong>Musulmanes unidos<\/strong><\/p>\n<p>El religioso remarc\u00f3 que &#8220;toda naci\u00f3n tiene derecho a defender su pa\u00eds y territorio ante el agresor\u201d, en una referencia a los asesinatos de Nasrallah y un general iran\u00ed en ataques israel\u00edes en Beirut el s\u00e1bado, y del l\u00edder pol\u00edtico de Ham\u00e1s, Ismail Haniyeh, en julio en Teher\u00e1n. Adem\u00e1s hizo un llamado al mundo musulm\u00e1n a unirse ante el enemigo, &#8220;cuya pol\u00edtica es divide y vencer\u00e1s\u201d.<\/p>\n<p>&#8220;La pol\u00edtica del Cor\u00e1n es que las naciones musulmanas deben estar unidas\u201d, asegur\u00f3, a la vez que subray\u00f3 que el &#8220;enemigo de Ir\u00e1n es el enemigo de Palestina, L\u00edbano, Irak, Egipto, Siria y Yemen\u201d. Tambi\u00e9n se\u00f1al\u00f3 a Estados Unidos como culpable de las tensiones en Oriente Medio y reiter\u00f3 que el ataque de Ham\u00e1s contra Israel del 7 de octubre de 2023 fue leg\u00edtimo.<\/p>\n","protected":false},"excerpt":{"rendered":"<p>El l\u00edder supremo de Ir\u00e1n asegur\u00f3 que su pa\u00eds volver\u00e1 a atacar, \u201csi es necesario\u201d. Adem\u00e1s, hizo un llamado a la unidad de los musulmanes contra el \u201cenemigo com\u00fan\u201d &nbsp; &nbsp; El l\u00edder supremo de Ir\u00e1n, Ali Jamenei, afirm\u00f3 este viernes que el ataque lanzado por su pa\u00eds contra Israel fue &#8220;el menor de los castigos por la agresi\u00f3n israel\u00ed\u201d, comentario que hizo con un rifle en la mano durante un rezo colectivo en conmemoraci\u00f3n del asesinado l\u00edder de la milicia libanesa Hezbol\u00e1, Hassan Nasrallah. &#8220;La brillante acci\u00f3n de nuestras&#8230;<\/p>\n","protected":false},"author":3,"featured_media":121146,"comment_status":"closed","ping_status":"closed","sticky":false,"template":"","format":"standard","meta":[],"categories":[4],"tags":[],"_links":{"self":[{"href":"https:\/\/www.actualidadadiario.com\/index.php\/wp-json\/wp\/v2\/posts\/121145"}],"collection":[{"href":"https:\/\/www.actualidadadiario.com\/index.php\/wp-json\/wp\/v2\/posts"}],"about":[{"href":"https:\/\/www.actualidadadiario.com\/index.php\/wp-json\/wp\/v2\/types\/post"}],"author":[{"embeddable":true,"href":"https:\/\/www.actualidadadiario.com\/index.php\/wp-json\/wp\/v2\/users\/3"}],"replies":[{"embeddable":true,"href":"https:\/\/www.actualidadadiario.com\/index.php\/wp-json\/wp\/v2\/comments?post=121145"}],"version-history":[{"count":1,"href":"https:\/\/www.actualidadadiario.com\/index.php\/wp-json\/wp\/v2\/posts\/121145\/revisions"}],"predecessor-version":[{"id":121147,"href":"https:\/\/www.actualidadadiario.com\/index.php\/wp-json\/wp\/v2\/posts\/121145\/revisions\/121147"}],"wp:featuredmedia":[{"embeddable":true,"href":"https:\/\/www.actualidadadiario.com\/index.php\/wp-json\/wp\/v2\/media\/121146"}],"wp:attachment":[{"href":"https:\/\/www.actualidadadiario.com\/index.php\/wp-json\/wp\/v2\/media?parent=121145"}],"wp:term":[{"taxonomy":"category","embeddable":true,"href":"https:\/\/www.actualidadadiario.com\/index.php\/wp-json\/wp\/v2\/categories?post=121145"},{"taxonomy":"post_tag","embeddable":true,"href":"https:\/\/www.actualidadadiario.com\/index.php\/wp-json\/wp\/v2\/tags?post=121145"}],"curies":[{"name":"wp","href":"https:\/\/api.w.org\/{rel}","templated":true}]}}