{"id":121130,"date":"2024-10-04T14:53:32","date_gmt":"2024-10-04T17:53:32","guid":{"rendered":"https:\/\/www.actualidadadiario.com\/?p=121130"},"modified":"2024-10-04T14:53:32","modified_gmt":"2024-10-04T17:53:32","slug":"el-reclamo-de-amnistia-internacional-a-milei-nos-alarma-el-incremento-de-la-pobreza","status":"publish","type":"post","link":"https:\/\/www.actualidadadiario.com\/index.php\/2024\/10\/04\/el-reclamo-de-amnistia-internacional-a-milei-nos-alarma-el-incremento-de-la-pobreza\/","title":{"rendered":"El reclamo de Amnist\u00eda Internacional a Milei: &#8220;Nos alarma el incremento de la pobreza&#8221;"},"content":{"rendered":"<p style=\"text-align: center;\"><em><strong>Para Amnist\u00eda Internacional, la libertad &#8220;no es un concepto aislado, es un derecho humano reconocido y protegido por el derecho internacional&#8221;<\/strong><\/em><\/p>\n<p>&nbsp;<\/p>\n<p>&nbsp;<\/p>\n<p>La organizaci\u00f3n Amnist\u00eda Internacional (AI) le envi\u00f3 una carta al presidente Javier Milei en la que le expresaron \u201cgraves preocupaciones\u201d en relaci\u00f3n a la situaci\u00f3n de los derechos humanos, el &#8220;incremento de pobreza&#8221; y las pol\u00edticas de g\u00e9nero.<\/p>\n<p>La semana pasada el Instituto Nacional de Estad\u00edsticas y Censo (INDEC) revel\u00f3 los n\u00fameros que corresponden a la pobreza y a la indigencia en el pa\u00eds: en Argentina, el 52,9% de las personas en los principales aglomerados urbanos son pobres, mientras que la indigencia lleg\u00f3 al 18,1%.<\/p>\n<p>Ese incremento significativo respecto al 41,7% registrado en el mismo per\u00edodo de 2023, lo que refleja el deterioro de las condiciones econ\u00f3micas y sociales en el pa\u00eds.<\/p>\n<p>En esa misma l\u00ednea, un nuevo estudio revel\u00f3 que hay un nuevo pobre cada cinco segundos y un nuevo indigente cada siete segundos y medio.<\/p>\n<p>&nbsp;<\/p>\n<p><strong>Qu\u00e9 dice la carta de Amnist\u00eda Internacional a Milei<\/strong><\/p>\n<p>La organizaci\u00f3n tuvo en cuenta estas nuevas realidades que invadieron en el pa\u00eds, y constataron: \u201dDesde AI, reconocemos que la crisis econ\u00f3mica y social que ha atravesado el pa\u00eds desde hace a\u00f1os exigi\u00f3 un cambio. Sin embargo, nos alarma el incremento de la pobreza y que, en nombre de la libertad, se ataquen y vulneren los derechos humanos y las mismas libertades p\u00fablicas\u201d.<\/p>\n<p>Para Ammist\u00eda, \u201cla libertad de expresi\u00f3n est\u00e1 bajo ataque&#8221; en Argentina, como as\u00ed tambi\u00e9n la \u201cprecariedad econ\u00f3mica\u201d y el debilitamiento de las pol\u00edticas de g\u00e9nero. Por eso, le pidi\u00f3 de manera \u201curgente\u201d a Milei que reflexione sobre estas tem\u00e1ticas y ponga en marcha un plan que revierta estas aristas.<\/p>\n<p>Por otro lado, la organizaci\u00f3n apunt\u00f3 a la gesti\u00f3n de La Libertad Avanza (LLA) y lament\u00f3 que \u201cencabece una confrontaci\u00f3n violenta e intolerante, propia de pr\u00e1cticas autoritarias, que utiliza discursos de odio y desinformaci\u00f3n como estrategia para silenciar y censurar a quienes piensan diferente\u201d.<\/p>\n<p>\u201cEstos mensajes han sido multiplicados por integrantes de su gobierno, especialmente en las plataformas digitales X y TikTok, generando con frecuencia aluviones de agresi\u00f3n y odio. Desde que inici\u00f3 su administraci\u00f3n, Amnist\u00eda Internacional ha documentado el ataque y hostigamiento a al menos 30 periodistas, poniendo en serio riesgo la libertad de expresi\u00f3n\u201d, se\u00f1alaron.<\/p>\n<p>Y remarcaron: \u201cEl desprestigio, la difamaci\u00f3n y la estigmatizaci\u00f3n se han utilizado para intimidar el ejercicio de la prensa libre e independiente que pregunta o cuestiona las medidas adoptadas por su administraci\u00f3n\u201d.<\/p>\n<p>Amnist\u00eda Internacional tambi\u00e9n apunt\u00f3 a la gesti\u00f3n de la ministra Patricia Bullrich en la cartera de Seguridad, con la que, a trav\u00e9s del protocolo anti-piquetes, realiza \u201cdetenciones arbitrarias\u201d y la \u201ccriminalizaci\u00f3n de la protesta social\u201d, que afectan \u201clos derechos a la libertad de expresi\u00f3n y reuni\u00f3n pac\u00edfica\u201d.<\/p>\n<p>\u201cEl Ministerio de Seguridad aprob\u00f3 una serie de resoluciones que imponen severas restricciones a la protesta pac\u00edfica y habilitaron el uso abusivo de la fuerza, el uso indiscriminado de armas menos letales \u2013 gases lacrim\u00f3genos y balas de goma dirigidas al rostro- tanques hidrantes y mecanismos de vigilancia en redes sociales\u201d, se\u00f1al\u00f3 el organismo de derechos humanos.<\/p>\n<p>Para Amnist\u00eda, estas decisiones por parte de Milei y Bullrich instauran un &#8220;clima de temor que inhabilite las expresiones de disconformidad&#8221;.<\/p>\n<p>Por otro lado, la organizaci\u00f3n apunt\u00f3 a los derechos de las mujeres, y acus\u00f3 a Milei de recaer sobre las provincias el Plan de Prevenci\u00f3n del Embarazo no Intencional en la Adolescencia (Plan ENIA); por referirse a la \u201cagenda sangrienta del aborto\u201d, y provocar el \u201cdebilitamiento institucional\u201d de las pol\u00edticas contra la violencia de g\u00e9nero.<\/p>\n<p>\u201cLas pol\u00edticas de respuesta a la violencia de g\u00e9nero tambi\u00e9n fueron desarticuladas, reduciendo sensiblemente el personal a cargo de la l\u00ednea 144, n\u00famero telef\u00f3nico destinado a atender a mujeres v\u00edctimas de violencias. Este debilitamiento institucional pone en riesgo la vida de miles de mujeres en el pa\u00eds, considerando que en Argentina se registra un femicidio cada 35 horas, seg\u00fan el registro de femicidios de la Corte Suprema de Justicia de la Naci\u00f3n\u201d, afirmaron.<\/p>\n<p>Ya casi llegando al final de la carta, Amnist\u00eda Internacional apunt\u00f3 al concepto de &#8220;libertad&#8221;, el pilar principal del gobierno de Milei, y consider\u00f3 que &#8220;no es un concepto aislado, es un derecho humano reconocido y protegido por el derecho internacional&#8221;.<\/p>\n<p>&#8220;La libertad est\u00e1 indivisiblemente relacionada con el reconocimiento, sin discriminaci\u00f3n, del derecho de las personas a vivir una vida digna, libre de violencias, con acceso a servicios p\u00fablicos de calidad, y a que no se ponga en riesgo su vida e integridad\u201d, agreg\u00f3.<\/p>\n<p>Y concluy\u00f3: &#8220;Se\u00f1or presidente: para que La Libertad Avance, Ud., como jefe de Estado, debe garantizar y velar por el cumplimiento de todos los derechos humanos por igual\u201d.<\/p>\n","protected":false},"excerpt":{"rendered":"<p>Para Amnist\u00eda Internacional, la libertad &#8220;no es un concepto aislado, es un derecho humano reconocido y protegido por el derecho internacional&#8221; &nbsp; &nbsp; La organizaci\u00f3n Amnist\u00eda Internacional (AI) le envi\u00f3 una carta al presidente Javier Milei en la que le expresaron \u201cgraves preocupaciones\u201d en relaci\u00f3n a la situaci\u00f3n de los derechos humanos, el &#8220;incremento de pobreza&#8221; y las pol\u00edticas de g\u00e9nero. La semana pasada el Instituto Nacional de Estad\u00edsticas y Censo (INDEC) revel\u00f3 los n\u00fameros que corresponden a la pobreza y a la indigencia en el pa\u00eds: en Argentina, el&#8230;<\/p>\n","protected":false},"author":3,"featured_media":121131,"comment_status":"closed","ping_status":"closed","sticky":false,"template":"","format":"standard","meta":[],"categories":[18],"tags":[],"_links":{"self":[{"href":"https:\/\/www.actualidadadiario.com\/index.php\/wp-json\/wp\/v2\/posts\/121130"}],"collection":[{"href":"https:\/\/www.actualidadadiario.com\/index.php\/wp-json\/wp\/v2\/posts"}],"about":[{"href":"https:\/\/www.actualidadadiario.com\/index.php\/wp-json\/wp\/v2\/types\/post"}],"author":[{"embeddable":true,"href":"https:\/\/www.actualidadadiario.com\/index.php\/wp-json\/wp\/v2\/users\/3"}],"replies":[{"embeddable":true,"href":"https:\/\/www.actualidadadiario.com\/index.php\/wp-json\/wp\/v2\/comments?post=121130"}],"version-history":[{"count":1,"href":"https:\/\/www.actualidadadiario.com\/index.php\/wp-json\/wp\/v2\/posts\/121130\/revisions"}],"predecessor-version":[{"id":121132,"href":"https:\/\/www.actualidadadiario.com\/index.php\/wp-json\/wp\/v2\/posts\/121130\/revisions\/121132"}],"wp:featuredmedia":[{"embeddable":true,"href":"https:\/\/www.actualidadadiario.com\/index.php\/wp-json\/wp\/v2\/media\/121131"}],"wp:attachment":[{"href":"https:\/\/www.actualidadadiario.com\/index.php\/wp-json\/wp\/v2\/media?parent=121130"}],"wp:term":[{"taxonomy":"category","embeddable":true,"href":"https:\/\/www.actualidadadiario.com\/index.php\/wp-json\/wp\/v2\/categories?post=121130"},{"taxonomy":"post_tag","embeddable":true,"href":"https:\/\/www.actualidadadiario.com\/index.php\/wp-json\/wp\/v2\/tags?post=121130"}],"curies":[{"name":"wp","href":"https:\/\/api.w.org\/{rel}","templated":true}]}}