{"id":12113,"date":"2017-05-24T09:39:46","date_gmt":"2017-05-24T12:39:46","guid":{"rendered":"http:\/\/actualidadadiario.com\/site\/?p=12113"},"modified":"2017-05-24T09:39:46","modified_gmt":"2017-05-24T12:39:46","slug":"la-reunion-del-papa-y-trump-el-vaticano-destaco-el-deseo-de-una-colaboracion-serena","status":"publish","type":"post","link":"https:\/\/www.actualidadadiario.com\/index.php\/2017\/05\/24\/la-reunion-del-papa-y-trump-el-vaticano-destaco-el-deseo-de-una-colaboracion-serena\/","title":{"rendered":"La reuni\u00f3n del Papa y Trump: el Vaticano destac\u00f3 &#8220;el deseo de una colaboraci\u00f3n serena&#8221;"},"content":{"rendered":"<p><em><strong>La Santa Sede difundi\u00f3 un texto; muy diplom\u00e1tico, se limit\u00f3 a destacar el &#8220;compromiso com\u00fan&#8221; del Vaticano y de los Estados Unidos y las &#8220;buenas relaciones&#8221; bilaterales<\/strong><\/em><\/p>\n<p>&nbsp;<\/p>\n<p>&nbsp;<\/p>\n<p>&nbsp;<\/p>\n<p>Despu\u00e9s de la audiencia entre el papa Francisco y el presidente de Estados Unidos, Donald Trump, que dur\u00f3 media hora, y el encuentro que el mandatario estadounidense tuvo luego con el cardenal Pietro Parolin, secretario de Estado, que dur\u00f3 50 minutos, la Santa Sede difundi\u00f3, como se esperaba, un comunicado. Muy diplom\u00e1tico, \u00e9ste se limit\u00f3 a destacar el &#8220;compromiso com\u00fan en favor de la vida y de la libertad religiosa y de conciencia&#8221; del Vaticano y de los Estados Unidos y las &#8220;buenas relaciones&#8221; bilaterales existentes.<\/p>\n<p>&nbsp;<\/p>\n<p>&#8220;Se ha manifestado el deseo de una colaboraci\u00f3n serena entre el Estado y la Iglesia Cat\u00f3lica en los Estados Unidos, comprometida en el servicio a la poblaci\u00f3n en los campos de la salud, la educaci\u00f3n y la asistencia a los inmigrantes&#8221;, indic\u00f3, adem\u00e1s, el texto, que confirm\u00f3 que durante la visita tambi\u00e9n hubo una amplia agenda internacional.<\/p>\n<p>&nbsp;<\/p>\n<p>&#8220;Las conversaciones tambi\u00e9n han permitido un intercambio de puntos de vista sobre algunos temas relacionados con la actualidad internacional y con la promoci\u00f3n de la paz en el mundo a trav\u00e9s de la negociaci\u00f3n pol\u00edtica y el di\u00e1logo interreligioso, con especial referencia a la situaci\u00f3n en Oriente Medio y a la tutela de las comunidades cristianas&#8221;, concluy\u00f3.<\/p>\n<p>&nbsp;<\/p>\n<p>&nbsp;<\/p>\n<p><strong>A continuaci\u00f3n, el texto completo del comunicado del Vaticano:<\/strong><\/p>\n<p><em>Esta ma\u00f1ana, mi\u00e9rcoles 24 de mayo de 2017, S. E. el Sr. Donald Trump, Presidente de los Estados Unidos de Am\u00e9rica, ha sido recibido en audiencia por el Santo Padre Francisco y, a continuaci\u00f3n, se ha reunido con Su Eminencia el Cardenal Pietro Parolin, Secretario de Estado, acompa\u00f1ado por S.E. Mons. Paul Richard Gallagher, Secretario para las Relaciones con los Estados. Durante las cordiales conversaciones, se ha expresado la satisfacci\u00f3n por las buenas relaciones bilaterales existentes entre la Santa Sede y los Estados Unidos de Am\u00e9rica, as\u00ed como por el compromiso com\u00fan en favor de la vida y de la libertad religiosa y de conciencia. Se ha manifestado el deseo de una colaboraci\u00f3n serena entre el Estado y la Iglesia Cat\u00f3lica en los Estados Unidos, comprometida en el servicio a la poblaci\u00f3n en los campos de la salud, la educaci\u00f3n y la asistencia a los inmigrantes. Las conversaciones tambi\u00e9n han permitido un intercambio de puntos de vista sobre algunos temas relacionados con la actualidad internacional y con la promoci\u00f3n de la paz en el mundo a trav\u00e9s de la negociaci\u00f3n pol\u00edtica y el di\u00e1logo interreligioso, con especial referencia a la situaci\u00f3n en Oriente Medio y a la tutela de las comunidades cristianas.<\/em><\/p>\n","protected":false},"excerpt":{"rendered":"<p>La Santa Sede difundi\u00f3 un texto; muy diplom\u00e1tico, se limit\u00f3 a destacar el &#8220;compromiso com\u00fan&#8221; del Vaticano y de los Estados Unidos y las &#8220;buenas relaciones&#8221; bilaterales &nbsp; &nbsp; &nbsp; Despu\u00e9s de la audiencia entre el papa Francisco y el presidente de Estados Unidos, Donald Trump, que dur\u00f3 media hora, y el encuentro que el mandatario estadounidense tuvo luego con el cardenal Pietro Parolin, secretario de Estado, que dur\u00f3 50 minutos, la Santa Sede difundi\u00f3, como se esperaba, un comunicado. Muy diplom\u00e1tico, \u00e9ste se limit\u00f3 a destacar el &#8220;compromiso com\u00fan&#8230;<\/p>\n","protected":false},"author":3,"featured_media":12114,"comment_status":"closed","ping_status":"closed","sticky":false,"template":"","format":"standard","meta":[],"categories":[4],"tags":[],"_links":{"self":[{"href":"https:\/\/www.actualidadadiario.com\/index.php\/wp-json\/wp\/v2\/posts\/12113"}],"collection":[{"href":"https:\/\/www.actualidadadiario.com\/index.php\/wp-json\/wp\/v2\/posts"}],"about":[{"href":"https:\/\/www.actualidadadiario.com\/index.php\/wp-json\/wp\/v2\/types\/post"}],"author":[{"embeddable":true,"href":"https:\/\/www.actualidadadiario.com\/index.php\/wp-json\/wp\/v2\/users\/3"}],"replies":[{"embeddable":true,"href":"https:\/\/www.actualidadadiario.com\/index.php\/wp-json\/wp\/v2\/comments?post=12113"}],"version-history":[{"count":1,"href":"https:\/\/www.actualidadadiario.com\/index.php\/wp-json\/wp\/v2\/posts\/12113\/revisions"}],"predecessor-version":[{"id":12115,"href":"https:\/\/www.actualidadadiario.com\/index.php\/wp-json\/wp\/v2\/posts\/12113\/revisions\/12115"}],"wp:featuredmedia":[{"embeddable":true,"href":"https:\/\/www.actualidadadiario.com\/index.php\/wp-json\/wp\/v2\/media\/12114"}],"wp:attachment":[{"href":"https:\/\/www.actualidadadiario.com\/index.php\/wp-json\/wp\/v2\/media?parent=12113"}],"wp:term":[{"taxonomy":"category","embeddable":true,"href":"https:\/\/www.actualidadadiario.com\/index.php\/wp-json\/wp\/v2\/categories?post=12113"},{"taxonomy":"post_tag","embeddable":true,"href":"https:\/\/www.actualidadadiario.com\/index.php\/wp-json\/wp\/v2\/tags?post=12113"}],"curies":[{"name":"wp","href":"https:\/\/api.w.org\/{rel}","templated":true}]}}