{"id":121127,"date":"2024-10-04T14:46:47","date_gmt":"2024-10-04T17:46:47","guid":{"rendered":"https:\/\/www.actualidadadiario.com\/?p=121127"},"modified":"2024-10-04T14:46:47","modified_gmt":"2024-10-04T17:46:47","slug":"no-descartamos-nada-el-gobierno-baraja-judicializar-la-ley-de-financiamiento-universitario-si-el-congreso-rechaza-el-veto","status":"publish","type":"post","link":"https:\/\/www.actualidadadiario.com\/index.php\/2024\/10\/04\/no-descartamos-nada-el-gobierno-baraja-judicializar-la-ley-de-financiamiento-universitario-si-el-congreso-rechaza-el-veto\/","title":{"rendered":"\u201cNo descartamos nada\u201d: el Gobierno baraja judicializar la Ley de Financiamiento Universitario si el Congreso rechaza el veto"},"content":{"rendered":"<p style=\"text-align: center;\"><em><strong>El vocero presidencial, Manuel Adorni confirm\u00f3 que desde el Ejecutivo no descartan ir a la Justicia en caso de que el oficialismo no consiga los votos para ratificar la medida del Presidente. Seg\u00fan el vocero presidencial, la norma no cumple con ciertas reglamentaciones que deben estar especificadas<\/strong><\/em><\/p>\n<p>&nbsp;<\/p>\n<p>&nbsp;<\/p>\n<p>A 24 horas de una nueva Marcha Federal Universitaria, el Gobierno revel\u00f3 este jueves que analiza judicializar la Ley de Financiamiento Universitario, en caso que el Congreso de la Naci\u00f3n rechace el veto del presidente Javier Milei, que ingres\u00f3 al Congreso de la Naci\u00f3n. La oposici\u00f3n pidi\u00f3 una sesi\u00f3n especial para tratar el tema en el recinto el mi\u00e9rcoles 9 de octubre.<\/p>\n<p>La noticia fue adelantada por el vocero presidencial Manuel Adorni en conferencia de prensa al confirmar que el Ejecutivo no descarta ir a la Justicia en caso de que el oficialismo no consiga los votos para ratificar la medida del Presidente. Para el funcionario, la norma no cumple con ciertas reglamentaciones que deben estar especificadas.<\/p>\n<p>&#8220;No sabemos cu\u00e1l va a ser el futuro del veto, de la ley, si se va a sostener o no. Por supuesto que apelamos a que se cumpla con la ley que especifica c\u00f3mo debe aumentarse una partida y en ese caso para nosotros la ley est\u00e1 viciada de incumplimientos. No hay nada descartado&#8221;, se\u00f1al\u00f3 en un primero momento el vocero.<\/p>\n<p>Para luego detallar: &#8220;Nosotros no descartamos absolutamente nada. La judicializaci\u00f3n es una oportunidad como lo fue con el veto anterior. Es una herramienta que tiene el Gobierno cuando ve una ilegalidad, es recurrir a la Justicia. No estoy diciendo que lo va hacer pero, ante la pregunta, es una posibilidad&#8221;.<\/p>\n<p>&#8220;Nosotros apoyamos como nadie la universidad p\u00fablica, pero apoyamos tambi\u00e9n la no demagogia y que las cosas se discutan donde se deban discutir. El Presupuesto 2025 es un muy buen \u00e1mbito y si no quieren que ese sea el \u00e1mbito y prefiere una ley, que de esa ley surja como se va a financiar el gasto que quieren ejecutar simplemente&#8221;, complet\u00f3 Adorni.<\/p>\n","protected":false},"excerpt":{"rendered":"<p>El vocero presidencial, Manuel Adorni confirm\u00f3 que desde el Ejecutivo no descartan ir a la Justicia en caso de que el oficialismo no consiga los votos para ratificar la medida del Presidente. Seg\u00fan el vocero presidencial, la norma no cumple con ciertas reglamentaciones que deben estar especificadas &nbsp; &nbsp; A 24 horas de una nueva Marcha Federal Universitaria, el Gobierno revel\u00f3 este jueves que analiza judicializar la Ley de Financiamiento Universitario, en caso que el Congreso de la Naci\u00f3n rechace el veto del presidente Javier Milei, que ingres\u00f3 al Congreso&#8230;<\/p>\n","protected":false},"author":3,"featured_media":121128,"comment_status":"closed","ping_status":"closed","sticky":false,"template":"","format":"standard","meta":[],"categories":[18],"tags":[],"_links":{"self":[{"href":"https:\/\/www.actualidadadiario.com\/index.php\/wp-json\/wp\/v2\/posts\/121127"}],"collection":[{"href":"https:\/\/www.actualidadadiario.com\/index.php\/wp-json\/wp\/v2\/posts"}],"about":[{"href":"https:\/\/www.actualidadadiario.com\/index.php\/wp-json\/wp\/v2\/types\/post"}],"author":[{"embeddable":true,"href":"https:\/\/www.actualidadadiario.com\/index.php\/wp-json\/wp\/v2\/users\/3"}],"replies":[{"embeddable":true,"href":"https:\/\/www.actualidadadiario.com\/index.php\/wp-json\/wp\/v2\/comments?post=121127"}],"version-history":[{"count":1,"href":"https:\/\/www.actualidadadiario.com\/index.php\/wp-json\/wp\/v2\/posts\/121127\/revisions"}],"predecessor-version":[{"id":121129,"href":"https:\/\/www.actualidadadiario.com\/index.php\/wp-json\/wp\/v2\/posts\/121127\/revisions\/121129"}],"wp:featuredmedia":[{"embeddable":true,"href":"https:\/\/www.actualidadadiario.com\/index.php\/wp-json\/wp\/v2\/media\/121128"}],"wp:attachment":[{"href":"https:\/\/www.actualidadadiario.com\/index.php\/wp-json\/wp\/v2\/media?parent=121127"}],"wp:term":[{"taxonomy":"category","embeddable":true,"href":"https:\/\/www.actualidadadiario.com\/index.php\/wp-json\/wp\/v2\/categories?post=121127"},{"taxonomy":"post_tag","embeddable":true,"href":"https:\/\/www.actualidadadiario.com\/index.php\/wp-json\/wp\/v2\/tags?post=121127"}],"curies":[{"name":"wp","href":"https:\/\/api.w.org\/{rel}","templated":true}]}}