{"id":121118,"date":"2024-10-04T14:43:15","date_gmt":"2024-10-04T17:43:15","guid":{"rendered":"https:\/\/www.actualidadadiario.com\/?p=121118"},"modified":"2024-10-04T14:43:15","modified_gmt":"2024-10-04T17:43:15","slug":"el-kirchnerismo-salio-en-coro-a-candidatear-a-cristina-a-presidenta-del-partido-justicialista","status":"publish","type":"post","link":"https:\/\/www.actualidadadiario.com\/index.php\/2024\/10\/04\/el-kirchnerismo-salio-en-coro-a-candidatear-a-cristina-a-presidenta-del-partido-justicialista\/","title":{"rendered":"El kirchnerismo sali\u00f3 en coro a candidatear a Cristina a presidenta del Partido Justicialista"},"content":{"rendered":"<p style=\"text-align: center;\"><em><strong>Ricardo Quintela, gobernador de La Rioja, se hab\u00eda autopostulado hace un mes. La exmandataria, activa en cr\u00edticas a Javier Milei, es vista como la figura que podr\u00eda unificar al peronismo y suena candidata a diputada nacional en 2025. La conduccoi\u00f3n del PJ est\u00e1 en discusi\u00f3n tras la renuncia de Alberto Fern\u00e1ndez, por la denuncia por violencia de g\u00e9nero contra Fabiola Y\u00e1\u00f1ez<\/strong><\/em><\/p>\n<p>&nbsp;<\/p>\n<p>&nbsp;<\/p>\n<p>El senado Eduardo \u201cWado\u201d de Pedro fue el primero. Despu\u00e9s se sumaron la presidenta del bloque de senadores de Unidad Ciudadana, Juliana Di Tullio, y despu\u00e9s el intendente de Lomas de Zamora, Federico Oterm\u00edn. Y se sumar\u00e1n m\u00e1s. Todos salieron este jueves por la tarde a postular en redes sociales la candidatura de Cristina Fern\u00e1ndez de Kirchner a presidenta del Partido Justicialista (PJ), cargo que est\u00e1 en disputa tras la renuncia del exmandatario Alberto Fern\u00e1ndez, en medio de la causa que enfrenta por violencia de g\u00e9nero contra su pareja, Fabiola Y\u00e1\u00f1ez.<\/p>\n<p>\u201cCristina es la l\u00edder del peronismo y ha dado acabadas muestras de su compromiso inquebrantable con los sue\u00f1os y los anhelos de nuestro pueblo. Conoce cada rinc\u00f3n de la Patria e interpreta las necesidades como nadie. En este tiempo tan duro para los y las argentinas, ella puede encender una luz de esperanza con su mirada estrat\u00e9gica y su coraje para volver a organizarnos y comenzar la reconstrucci\u00f3n. Es momento de que una mujer, que milit\u00f3 toda su vida en el peronismo, presida por primera vez el Partido Justicialista\u201d, escribi\u00f3 el exministro del Interior del gobierno del ya fantasmal Frente de Todos en su cuenta de Twitter (X).<\/p>\n<p>En el mismo sentido se pronunci\u00f3, tambi\u00e9n en Twitter, Di Tullio: \u201cEs tiempo de mujeres. Es tiempo de ella conduciendo al Partido Justicialista. Es tiempo de la que demostr\u00f3 el mayor de los corajes. Es tiempo de devolverle al pueblo la esperanza, ponerle luz al camino, recuperar la confianza en nuestras ideas y nuestra fuerza revolucionaria\u201d, dijo la legisladora nacional.<\/p>\n<p>&nbsp;<\/p>\n<p>A su vez, el intendente Oterm\u00edn se\u00f1al\u00f3: \u201cMe encantar\u00eda que Cristina sea presidenta del Partido Justicialista. Conducci\u00f3n, orden, coraje, actualizaci\u00f3n doctrinaria y construcci\u00f3n de alternativa de futuro. &#8216;Tener poder es que la gente te quiera&#8217;, dijo un fil\u00f3sofo. Hay que reconstruir el proyecto nacional. Con amor. \u2764\ufe0f\ud83c\udde6\ud83c\uddf7\u201d (sic), poste\u00f3 en X.<\/p>\n<p>La intendenta de Quilmes, Mayra Mendoza, referente de La C\u00e1mpora al igual que De Pedro, se dedic\u00f3 a retuitear las candidaturas expresadas por sus compa\u00f1eros. Quien hasta esta noche no se hab\u00eda pronunciado al respecto es nada menos que el hijo de la exmandataria, el diputado nacional M\u00e1ximo Kirchner. Tampoco sali\u00f3 hasta el momento ning\u00fan pronunciamiento al respecto del sector de Axel Kicillof, enfrentado con M\u00e1ximo Kirchner.<\/p>\n<p>Al clamor peronista por Cristina al frente de la conducci\u00f3n del partido se sumaron tambi\u00e9n otras figuras como la exdiputada nacional Mara Brawer: \u201cPara un peronista no hay nada mejor que Cristina en el PJ. \u270c\ud83c\udffc\u2665\ufe0f\u201d (sic), tuite\u00f3.<\/p>\n<p>Hace un mes, otro gobernador, el de La Rioja, Ricardo Quintela, se autopostul\u00f3 para presidir el partido fundado por Juan Domingo Per\u00f3n, luego de la renuncia de Alberto Fern\u00e1ndez. Fue al cabo de un encuentro de los mandatarios provinciales m\u00e1s intransigentes con el gobierno de Javier Milei, realizado en la Casa de la Provincia de La Pampa, en la ciudad de Buenos Aires. \u201cCreo que voy a ser el presidente del PJ. Me interesa trabajar por la unidad del peronismo. No estamos en contra de nadie. Estamos a favor de que todos comprendamos que la unidad hace la fuerza\u201d, asegur\u00f3 el riojano a periodistas.<\/p>\n<p>Los gobernadores discutieron en esa ocasi\u00f3n la sucesi\u00f3n de Alberto Fern\u00e1ndez en la conducci\u00f3n del PJ. Quintela, quien aparece como el candidato con mayores avales para liderar el partido, recibi\u00f3 el apoyo expl\u00edcito de Kicillof durante su visita a La Rioja para el acto de presentaci\u00f3n de la nueva Constituci\u00f3n provincial, el pasado 9 de agosto. El respaldo de Kicillof podr\u00eda ser decisivo en las elecciones partidarias, que est\u00e1n programadas para el 17 de noviembre, donde el PJ busca redefinir su liderazgo en un momento cr\u00edtico para la pol\u00edtica argentina. Ahora, de la mano de De Pedro, apareci\u00f3 Cristina Fern\u00e1ndez de Kirchner en escena.<\/p>\n<p>La expresidenta y ex vicepresidenta de Alberto Fern\u00e1ndez viene mostr\u00e1ndose muy activa en los \u00faltimos d\u00edas, con fuertes cr\u00edticas a la gesti\u00f3n de Javier Milei, sobre todo en redes sociales, y apariciones p\u00fablicas como la del mi\u00e9rcoles \u00faltimos, en el edificio desde donde hace pol\u00edtica, el Instituto Patria: sali\u00f3 al balc\u00f3n a saludar a sus seguidores en plena realizaci\u00f3n de la marcha federal universitaria.<\/p>\n<p>La expresidenta entiende que el peronismo en t\u00e9rminos federales qued\u00f3 reducido a cinco gobernadores, muy cr\u00edticos de la gesti\u00f3n nacional, que buscan unir fuerzas y generar una estrategia compartida \u2014por ahora ineficaz\u2014 para plantarse contra Milei. En ese contexto, su reaparici\u00f3n es interpretada por los distintos sectores internos como una muestra de voluntad para conducir pero tambi\u00e9n como una acci\u00f3n m\u00e1s en pos de una posible candidatura en 2025, esta vez a diputada nacional.<\/p>\n","protected":false},"excerpt":{"rendered":"<p>Ricardo Quintela, gobernador de La Rioja, se hab\u00eda autopostulado hace un mes. La exmandataria, activa en cr\u00edticas a Javier Milei, es vista como la figura que podr\u00eda unificar al peronismo y suena candidata a diputada nacional en 2025. La conduccoi\u00f3n del PJ est\u00e1 en discusi\u00f3n tras la renuncia de Alberto Fern\u00e1ndez, por la denuncia por violencia de g\u00e9nero contra Fabiola Y\u00e1\u00f1ez &nbsp; &nbsp; El senado Eduardo \u201cWado\u201d de Pedro fue el primero. Despu\u00e9s se sumaron la presidenta del bloque de senadores de Unidad Ciudadana, Juliana Di Tullio, y despu\u00e9s el&#8230;<\/p>\n","protected":false},"author":3,"featured_media":121119,"comment_status":"closed","ping_status":"closed","sticky":false,"template":"","format":"standard","meta":[],"categories":[18],"tags":[],"_links":{"self":[{"href":"https:\/\/www.actualidadadiario.com\/index.php\/wp-json\/wp\/v2\/posts\/121118"}],"collection":[{"href":"https:\/\/www.actualidadadiario.com\/index.php\/wp-json\/wp\/v2\/posts"}],"about":[{"href":"https:\/\/www.actualidadadiario.com\/index.php\/wp-json\/wp\/v2\/types\/post"}],"author":[{"embeddable":true,"href":"https:\/\/www.actualidadadiario.com\/index.php\/wp-json\/wp\/v2\/users\/3"}],"replies":[{"embeddable":true,"href":"https:\/\/www.actualidadadiario.com\/index.php\/wp-json\/wp\/v2\/comments?post=121118"}],"version-history":[{"count":1,"href":"https:\/\/www.actualidadadiario.com\/index.php\/wp-json\/wp\/v2\/posts\/121118\/revisions"}],"predecessor-version":[{"id":121120,"href":"https:\/\/www.actualidadadiario.com\/index.php\/wp-json\/wp\/v2\/posts\/121118\/revisions\/121120"}],"wp:featuredmedia":[{"embeddable":true,"href":"https:\/\/www.actualidadadiario.com\/index.php\/wp-json\/wp\/v2\/media\/121119"}],"wp:attachment":[{"href":"https:\/\/www.actualidadadiario.com\/index.php\/wp-json\/wp\/v2\/media?parent=121118"}],"wp:term":[{"taxonomy":"category","embeddable":true,"href":"https:\/\/www.actualidadadiario.com\/index.php\/wp-json\/wp\/v2\/categories?post=121118"},{"taxonomy":"post_tag","embeddable":true,"href":"https:\/\/www.actualidadadiario.com\/index.php\/wp-json\/wp\/v2\/tags?post=121118"}],"curies":[{"name":"wp","href":"https:\/\/api.w.org\/{rel}","templated":true}]}}