{"id":121113,"date":"2024-10-04T14:39:27","date_gmt":"2024-10-04T17:39:27","guid":{"rendered":"https:\/\/www.actualidadadiario.com\/?p=121113"},"modified":"2024-10-04T14:39:27","modified_gmt":"2024-10-04T17:39:27","slug":"para-el-fmi-la-situacion-social-en-la-argentina-es-muy-delicada","status":"publish","type":"post","link":"https:\/\/www.actualidadadiario.com\/index.php\/2024\/10\/04\/para-el-fmi-la-situacion-social-en-la-argentina-es-muy-delicada\/","title":{"rendered":"Para el FMI la situaci\u00f3n social en la Argentina es &#8220;muy delicada&#8221;"},"content":{"rendered":"<p style=\"text-align: center;\"><em><strong>La vocera del organismo mostr\u00f3 preocupaci\u00f3n, pero elogi\u00f3 el esfuerzo del Gobierno ante la baja de la inflaci\u00f3n y del d\u00e9ficit fiscal<\/strong><\/em><\/p>\n<p>&nbsp;<\/p>\n<p>&nbsp;<\/p>\n<p>A trav\u00e9s de su portavoz Julie Kozack, el Fondo Monetario Internacional (FMI) advirti\u00f3 que la situaci\u00f3n social en la Argentina es &#8220;muy delicada&#8221; pero que la gesti\u00f3n de Javier Milei hace esfuerzos para mejorarla y que el crecimiento es una &#8220;prioridad del Gobierno&#8221; libertario.<\/p>\n<p>En una conferencia de prensa en Washington, la directora de Comunicaciones del Fondo habl\u00f3 sobre el elevado \u00edndice de pobreza del 52,9% al que se lleg\u00f3 en la Argentina durante el primer semestre del a\u00f1o y asegur\u00f3 que a partir de esto reconocieron lo delicado de la situaci\u00f3n.<\/p>\n<p>\u201cAbordar estas altas tasas de pobreza y garantizar que el crecimiento sea m\u00e1s inclusivo sigue siendo una prioridad para las autoridades, que siguen tomando medidas para proteger a los m\u00e1s vulnerables&#8221;, sostuvo Kozack sobre la gesti\u00f3n actual.<\/p>\n<p>En esa l\u00ednea, destac\u00f3 que &#8220;Las autoridades han ampliado programas de asistencia social bien focalizados que benefician a las mujeres y los ni\u00f1os pobres&#8221;. \u201cA\u00f1adir\u00eda que las medidas continuas para reducir la inflaci\u00f3n y las reformas para fomentar el empleo y la inversi\u00f3n deber\u00edan conducir a una mayor mejora de los salarios reales y de la actividad econ\u00f3mica en el futuro, y solo quiero decir que nuestro personal sigue participando activa y activamente en esta esfera tan importante\u201d, agreg\u00f3 Kozack.<\/p>\n<p>Adem\u00e1s, ante las dudas sobre el cumplimiento de la meta de reservas por parte del ejecutivo, la portavoz se refiri\u00f3 al estado de la negociaci\u00f3n del programa con Argentina, el cual se encuentra en la novena revisi\u00f3n. De todas formas evit\u00f3 adelantar si desembolsar\u00e1n nuevos fondos.<\/p>\n<p>&nbsp;<\/p>\n<p><strong>C\u00f3mo va la negociaci\u00f3n del FMI con Argentina<\/strong><\/p>\n<p>&#8220;Desde que concluimos la octava revisi\u00f3n, las autoridades han continuado con el programa. La puesta en pr\u00e1ctica del programa ha resultado en una reducci\u00f3n considerable de la inflaci\u00f3n y el d\u00e9ficit fiscal y hay indicios de una incipiente recuperaci\u00f3n en la actividad y en los salarios reales. Pero sigue habiendo muchos desaf\u00edos&#8221;, detall\u00f3.<\/p>\n<p>Kozack destac\u00f3 que &#8220;el personal del Fondo est\u00e1 colaborando con las autoridades argentinas y hay conversaciones t\u00e9cnicas constantes en el contexto del programa actual&#8221;. A su vez, adelant\u00f3 que proporcionaran m\u00e1s informaci\u00f3n al respecto sobre las conversaciones cuando la tengan disponible.<\/p>\n<p>Dijo que el FMI est\u00e1 &#8220;empezando a valorar el cumplimiento con los objetivos de final de septiembre, tanto en el frente fiscal como en el frente de las reservas y este trabajo t\u00e9cnico es continuado y se est\u00e1 desarrollando ahora, por lo tanto, ser\u00eda un momento prematuro para poder comentar esta cuesti\u00f3n&#8221;.<\/p>\n","protected":false},"excerpt":{"rendered":"<p>La vocera del organismo mostr\u00f3 preocupaci\u00f3n, pero elogi\u00f3 el esfuerzo del Gobierno ante la baja de la inflaci\u00f3n y del d\u00e9ficit fiscal &nbsp; &nbsp; A trav\u00e9s de su portavoz Julie Kozack, el Fondo Monetario Internacional (FMI) advirti\u00f3 que la situaci\u00f3n social en la Argentina es &#8220;muy delicada&#8221; pero que la gesti\u00f3n de Javier Milei hace esfuerzos para mejorarla y que el crecimiento es una &#8220;prioridad del Gobierno&#8221; libertario. En una conferencia de prensa en Washington, la directora de Comunicaciones del Fondo habl\u00f3 sobre el elevado \u00edndice de pobreza del 52,9%&#8230;<\/p>\n","protected":false},"author":3,"featured_media":120714,"comment_status":"closed","ping_status":"closed","sticky":false,"template":"","format":"standard","meta":[],"categories":[9],"tags":[],"_links":{"self":[{"href":"https:\/\/www.actualidadadiario.com\/index.php\/wp-json\/wp\/v2\/posts\/121113"}],"collection":[{"href":"https:\/\/www.actualidadadiario.com\/index.php\/wp-json\/wp\/v2\/posts"}],"about":[{"href":"https:\/\/www.actualidadadiario.com\/index.php\/wp-json\/wp\/v2\/types\/post"}],"author":[{"embeddable":true,"href":"https:\/\/www.actualidadadiario.com\/index.php\/wp-json\/wp\/v2\/users\/3"}],"replies":[{"embeddable":true,"href":"https:\/\/www.actualidadadiario.com\/index.php\/wp-json\/wp\/v2\/comments?post=121113"}],"version-history":[{"count":1,"href":"https:\/\/www.actualidadadiario.com\/index.php\/wp-json\/wp\/v2\/posts\/121113\/revisions"}],"predecessor-version":[{"id":121114,"href":"https:\/\/www.actualidadadiario.com\/index.php\/wp-json\/wp\/v2\/posts\/121113\/revisions\/121114"}],"wp:featuredmedia":[{"embeddable":true,"href":"https:\/\/www.actualidadadiario.com\/index.php\/wp-json\/wp\/v2\/media\/120714"}],"wp:attachment":[{"href":"https:\/\/www.actualidadadiario.com\/index.php\/wp-json\/wp\/v2\/media?parent=121113"}],"wp:term":[{"taxonomy":"category","embeddable":true,"href":"https:\/\/www.actualidadadiario.com\/index.php\/wp-json\/wp\/v2\/categories?post=121113"},{"taxonomy":"post_tag","embeddable":true,"href":"https:\/\/www.actualidadadiario.com\/index.php\/wp-json\/wp\/v2\/tags?post=121113"}],"curies":[{"name":"wp","href":"https:\/\/api.w.org\/{rel}","templated":true}]}}