{"id":121105,"date":"2024-10-04T13:31:35","date_gmt":"2024-10-04T16:31:35","guid":{"rendered":"https:\/\/www.actualidadadiario.com\/?p=121105"},"modified":"2024-10-04T13:31:35","modified_gmt":"2024-10-04T16:31:35","slug":"mayoristas-lanzan-su-semana-de-promocion-para-apuntalar-ventas","status":"publish","type":"post","link":"https:\/\/www.actualidadadiario.com\/index.php\/2024\/10\/04\/mayoristas-lanzan-su-semana-de-promocion-para-apuntalar-ventas\/","title":{"rendered":"Mayoristas lanzan su semana de promoci\u00f3n para apuntalar ventas"},"content":{"rendered":"<p style=\"text-align: center;\"><em><strong>Ante la ca\u00edda del consumo buscan mejorar la facturaci\u00f3n del sector<\/strong><\/em><\/p>\n<p>&nbsp;<\/p>\n<p>&nbsp;<\/p>\n<p>Empresarios mayoristas lanzaron \u201cBlack Week\u201d una propuesta que con ofertas masivas durante una semana busca consolidar las ventas del sector ante la ca\u00edda del consumo.<\/p>\n<p>La iniciativa se desarrollar\u00e1 en la tercera semana de noviembre para abastecer a comercios y minoristas con la mira puesta en las fiestas de fin de a\u00f1o.<\/p>\n<p>\u201cQueremos que las familias puedan acceder a los alimentos y bebidas con precios promocionales y que los n\u00fameros rojos (con p\u00e9rdidas) se vuelvan negros (con ganancias) para cerrar el a\u00f1o de nuestros balances\u201d, se\u00f1alaron los directivos de la C\u00e1mara Argentina de Distribuidores y Autoservicios Mayoristas (CADAM).<\/p>\n<p>\u201cEsperamos que los bancos y billeteras virtuales nos acompa\u00f1en en esta acci\u00f3n Black\u201d, se\u00f1alaron desde la C\u00e1mara.<\/p>\n<p>La presentaci\u00f3n tuvo lugar en el marco de Congreso Nacional de distribuidores mayoristas de productos de consumo masivo (CONAL)<\/p>\n<p>El evento, cont\u00f3 con la presencia del Subsecretario de Defensa del Consumidor y lealtad Comercial de la Naci\u00f3n, Fernando Mui\u00f1o, directivos de la Asociaci\u00f3n de Industrias de Marca (ADIM), la C\u00e1mara Argentina de la Industria de Cosm\u00e9tica y Perfumer\u00eda (CAPA), GS1 (proveedor oficial est\u00e1ndar de c\u00f3digos de barras), UNILEVER, Colgate, entre otros.<\/p>\n","protected":false},"excerpt":{"rendered":"<p>Ante la ca\u00edda del consumo buscan mejorar la facturaci\u00f3n del sector &nbsp; &nbsp; Empresarios mayoristas lanzaron \u201cBlack Week\u201d una propuesta que con ofertas masivas durante una semana busca consolidar las ventas del sector ante la ca\u00edda del consumo. La iniciativa se desarrollar\u00e1 en la tercera semana de noviembre para abastecer a comercios y minoristas con la mira puesta en las fiestas de fin de a\u00f1o. \u201cQueremos que las familias puedan acceder a los alimentos y bebidas con precios promocionales y que los n\u00fameros rojos (con p\u00e9rdidas) se vuelvan negros (con&#8230;<\/p>\n","protected":false},"author":3,"featured_media":56226,"comment_status":"closed","ping_status":"closed","sticky":false,"template":"","format":"standard","meta":[],"categories":[2],"tags":[],"_links":{"self":[{"href":"https:\/\/www.actualidadadiario.com\/index.php\/wp-json\/wp\/v2\/posts\/121105"}],"collection":[{"href":"https:\/\/www.actualidadadiario.com\/index.php\/wp-json\/wp\/v2\/posts"}],"about":[{"href":"https:\/\/www.actualidadadiario.com\/index.php\/wp-json\/wp\/v2\/types\/post"}],"author":[{"embeddable":true,"href":"https:\/\/www.actualidadadiario.com\/index.php\/wp-json\/wp\/v2\/users\/3"}],"replies":[{"embeddable":true,"href":"https:\/\/www.actualidadadiario.com\/index.php\/wp-json\/wp\/v2\/comments?post=121105"}],"version-history":[{"count":1,"href":"https:\/\/www.actualidadadiario.com\/index.php\/wp-json\/wp\/v2\/posts\/121105\/revisions"}],"predecessor-version":[{"id":121106,"href":"https:\/\/www.actualidadadiario.com\/index.php\/wp-json\/wp\/v2\/posts\/121105\/revisions\/121106"}],"wp:featuredmedia":[{"embeddable":true,"href":"https:\/\/www.actualidadadiario.com\/index.php\/wp-json\/wp\/v2\/media\/56226"}],"wp:attachment":[{"href":"https:\/\/www.actualidadadiario.com\/index.php\/wp-json\/wp\/v2\/media?parent=121105"}],"wp:term":[{"taxonomy":"category","embeddable":true,"href":"https:\/\/www.actualidadadiario.com\/index.php\/wp-json\/wp\/v2\/categories?post=121105"},{"taxonomy":"post_tag","embeddable":true,"href":"https:\/\/www.actualidadadiario.com\/index.php\/wp-json\/wp\/v2\/tags?post=121105"}],"curies":[{"name":"wp","href":"https:\/\/api.w.org\/{rel}","templated":true}]}}