{"id":121098,"date":"2024-10-04T11:41:08","date_gmt":"2024-10-04T14:41:08","guid":{"rendered":"https:\/\/www.actualidadadiario.com\/?p=121098"},"modified":"2024-10-04T11:41:08","modified_gmt":"2024-10-04T14:41:08","slug":"incendios-en-cordoba-un-foco-continua-activo-y-rige-una-alerta-maxima-para-todo-el-fin-de-semana","status":"publish","type":"post","link":"https:\/\/www.actualidadadiario.com\/index.php\/2024\/10\/04\/incendios-en-cordoba-un-foco-continua-activo-y-rige-una-alerta-maxima-para-todo-el-fin-de-semana\/","title":{"rendered":"Incendios en C\u00f3rdoba: un foco contin\u00faa activo y rige una alerta m\u00e1xima para todo el fin de semana"},"content":{"rendered":"<p style=\"text-align: center;\"><em><strong>Las llamas se reactivaron en algunos puntos del Valle de Punilla, pero los brigadistas lograron contenerlas. Para los pr\u00f3ximos d\u00edas, se esperan fuertes vientos y temperaturas que llegar\u00e1n a tocar los 30 grados<\/strong><\/em><\/p>\n<p>&nbsp;<\/p>\n<p>&nbsp;<\/p>\n<p>Las condiciones meteorol\u00f3gicas no ayudan a los brigadistas que, desde hace dos semanas, intentan combatir los incendios en C\u00f3rdoba. Actualmente, un foco contin\u00faa activo en la provincia, pero rige una alerta m\u00e1xima para los pr\u00f3ximos d\u00edas debido a que se esperan fuertes vientos que pueden llegar a producir que algunos puntos \u00edgneos se reactiven.<\/p>\n<p>De acuerdo con el \u00faltimo parte provincial, sigue activo el foco en Quebrada de la Mermela, situado en la zona de Chancan\u00ed. En este lugar, los bomberos trabajan desde hace d\u00edas, pero el fuego no da tregua. Seg\u00fan precis\u00f3 el vocero de la Secretar\u00eda de Gesti\u00f3n de Riesgo, Roberto Schreiner, al medio local ElDoceTV, en la zona colaboran m\u00e1s de 150 bomberos.<\/p>\n<p>A su vez, durante la jornada del jueves, se reactivaron algunos puntos en el Valle de Punilla, otra de las zonas m\u00e1s afectadas por los incendios que se reportaron en las \u00faltimas semanas. Sin embargo, informaron que las llamas ya fueron controladas, por lo que permanecen en guardia de cenizas. Lo mismo sucede en Villa Berna.<\/p>\n<p>De igual forma, rige una alerta m\u00e1xima en toda la provincia para este viernes, s\u00e1bado y domino, con riesgo extremo de incendio, ya que se pronostican condiciones clim\u00e1ticas desfavorables.<\/p>\n<p>En esa l\u00ednea, el Servicio Meteorol\u00f3gico Nacional (SMN) emiti\u00f3 una alerta amarilla por vientos para varios distritos de la provincia de C\u00f3rdoba, donde se esperan vientos con velocidades de entre 35 y 50 kil\u00f3metros por hora, con r\u00e1fagas que podr\u00edan alcanzar los 70 km\/h. Adem\u00e1s, se prev\u00e9n para las jornadas del s\u00e1bado y del domingo temperaturas cercanas a los 30 grados.<\/p>\n<p>A esta situaci\u00f3n, se le suma la sequ\u00eda que enfrenta la provincia, debido a la escasez de precipitaciones de consideraci\u00f3n. La \u00faltima se registr\u00f3 en mayo de este a\u00f1o y las proyecciones del SMN son poco alentadoras, ya que se esperan valores por debajo de lo normal para el \u00faltimo trimestre del a\u00f1o.<\/p>\n<p>Desde que comenz\u00f3 la temporada de incendios, un total de 69 mil hect\u00e1reas fueron consumidas por el fuego y, de acuerdo con la informaci\u00f3n publicada por Puntual, 47 mil corresponden a los incendios que se combatieron en Capilla del Monte, Chancan\u00ed y Villa Berna durante los \u00faltimos d\u00edas.<\/p>\n<p>Frente a esto, la C\u00e1mara de Diputados de la Naci\u00f3n sancion\u00f3 la ley que declara la emergencia ambiental, econ\u00f3mica y habitacional durante 180 d\u00edas en la provincia de C\u00f3rdoba. La votaci\u00f3n fue un\u00e1nime, a diferencia de lo que sucedi\u00f3 en el Senado.<\/p>\n<p>El proyecto cuenta con varias medidas financieras concretas para \u201crestaurar y restablecer las zonas afectadas y prevenir nuevos focos\u201d, en \u201cel marco del Sistema Federal de Manejo del Fuego y la Gesti\u00f3n Integral de Riesgos\u201d.<\/p>\n<p>La iniciativa expresa que \u201cel Poder Ejecutivo Nacional, a trav\u00e9s de la Secretar\u00eda de Turismo, Ambiente y Deportes, destinar\u00e1 una partida extraordinaria para intervenir y asistir inmediatamente a los fines de la reconstrucci\u00f3n de infraestructura y recuperaci\u00f3n de las actividades econ\u00f3micas afectadas\u201d.<\/p>\n<p>Asimismo, propone que los afectados puedan acceder a \u201cl\u00edneas de cr\u00e9ditos con tasas bonificadas destinados tanto a la reparaci\u00f3n de viviendas como a la continuidad de las actividades econ\u00f3micas claves para las econom\u00edas regionales, asegurando la recuperaci\u00f3n de empleos y el funcionamiento de los sectores productivos\u201d. Tambi\u00e9n a \u201cfacilitar la sostenibilidad financiera de los emprendimientos locales, permitiendo su reactivaci\u00f3n econ\u00f3mica mediante la suspensi\u00f3n y renovaci\u00f3n de las obligaciones bancarias y deudas pendientes al inicio de la emergencia, brindando un alivio inmediato a los productores y trabajadores afectados por las p\u00e9rdidas econ\u00f3micas\u201d.<\/p>\n<p>Finalmente, autoriza a suspender \u201cpor hasta noventa (90) d\u00edas, juicios y procedimientos administrativos de cobro de acreencias vencidas antes de la emergencia, garantizando que las familias, emprendedores y productores puedan concentrar sus esfuerzos en la reconstrucci\u00f3n de sus medios de vida sin el riesgo de sanciones financieras inmediatas\u201d.<\/p>\n","protected":false},"excerpt":{"rendered":"<p>Las llamas se reactivaron en algunos puntos del Valle de Punilla, pero los brigadistas lograron contenerlas. Para los pr\u00f3ximos d\u00edas, se esperan fuertes vientos y temperaturas que llegar\u00e1n a tocar los 30 grados &nbsp; &nbsp; Las condiciones meteorol\u00f3gicas no ayudan a los brigadistas que, desde hace dos semanas, intentan combatir los incendios en C\u00f3rdoba. Actualmente, un foco contin\u00faa activo en la provincia, pero rige una alerta m\u00e1xima para los pr\u00f3ximos d\u00edas debido a que se esperan fuertes vientos que pueden llegar a producir que algunos puntos \u00edgneos se reactiven. De&#8230;<\/p>\n","protected":false},"author":3,"featured_media":93524,"comment_status":"closed","ping_status":"closed","sticky":false,"template":"","format":"standard","meta":[],"categories":[2],"tags":[],"_links":{"self":[{"href":"https:\/\/www.actualidadadiario.com\/index.php\/wp-json\/wp\/v2\/posts\/121098"}],"collection":[{"href":"https:\/\/www.actualidadadiario.com\/index.php\/wp-json\/wp\/v2\/posts"}],"about":[{"href":"https:\/\/www.actualidadadiario.com\/index.php\/wp-json\/wp\/v2\/types\/post"}],"author":[{"embeddable":true,"href":"https:\/\/www.actualidadadiario.com\/index.php\/wp-json\/wp\/v2\/users\/3"}],"replies":[{"embeddable":true,"href":"https:\/\/www.actualidadadiario.com\/index.php\/wp-json\/wp\/v2\/comments?post=121098"}],"version-history":[{"count":1,"href":"https:\/\/www.actualidadadiario.com\/index.php\/wp-json\/wp\/v2\/posts\/121098\/revisions"}],"predecessor-version":[{"id":121099,"href":"https:\/\/www.actualidadadiario.com\/index.php\/wp-json\/wp\/v2\/posts\/121098\/revisions\/121099"}],"wp:featuredmedia":[{"embeddable":true,"href":"https:\/\/www.actualidadadiario.com\/index.php\/wp-json\/wp\/v2\/media\/93524"}],"wp:attachment":[{"href":"https:\/\/www.actualidadadiario.com\/index.php\/wp-json\/wp\/v2\/media?parent=121098"}],"wp:term":[{"taxonomy":"category","embeddable":true,"href":"https:\/\/www.actualidadadiario.com\/index.php\/wp-json\/wp\/v2\/categories?post=121098"},{"taxonomy":"post_tag","embeddable":true,"href":"https:\/\/www.actualidadadiario.com\/index.php\/wp-json\/wp\/v2\/tags?post=121098"}],"curies":[{"name":"wp","href":"https:\/\/api.w.org\/{rel}","templated":true}]}}