{"id":121085,"date":"2024-10-04T10:49:04","date_gmt":"2024-10-04T13:49:04","guid":{"rendered":"https:\/\/www.actualidadadiario.com\/?p=121085"},"modified":"2024-10-04T10:49:04","modified_gmt":"2024-10-04T13:49:04","slug":"con-aumento-iniciara-el-cronograma-de-pagos-de-becas-provinciales","status":"publish","type":"post","link":"https:\/\/www.actualidadadiario.com\/index.php\/2024\/10\/04\/con-aumento-iniciara-el-cronograma-de-pagos-de-becas-provinciales\/","title":{"rendered":"Con aumento, iniciar\u00e1 el cronograma de pagos de becas provinciales"},"content":{"rendered":"<p style=\"text-align: center;\"><em><strong>&#8220;Con el gobernador Frigerio seguimos afianzando el sistema de acompa\u00f1amiento al estudiantado, con una beca que ha recibido un 170 por ciento de aumento en estos 10 meses de gesti\u00f3n&#8221;, dijo el director ejecutivo del Instituto Becario, Mariano Berdi\u00f1as. La beca universitaria pasar\u00e1 a 35.000 pesos<\/strong><\/em><\/p>\n<p>&nbsp;<\/p>\n<p>&nbsp;<\/p>\n<p>Este lunes y hasta el pr\u00f3ximo viernes se extender\u00e1 el cronograma de pagos de becas provinciales, con el formato habitual de tramos seg\u00fan la entidad bancaria y culminaci\u00f3n de DNI del beneficiario.<\/p>\n<p>El director del ente aut\u00e1rquico, Mariano Berdi\u00f1as, destac\u00f3 que &#8220;adem\u00e1s, el monto recibir\u00e1 un incremento significativo, que acumula en estos 10 meses de gesti\u00f3n cerca de 170 % de aumento en los principales programas&#8221;, subray\u00f3.<\/p>\n<p>&#8220;Con el gobernador Rogelio Frigerio compartimos la decisi\u00f3n pol\u00edtica de continuar afianzando este sistema de acompa\u00f1amiento al estudiantado, que recibe un marcado apoyo y compromiso de los profesionales entrerrianos con el cumplimiento del Impuesto al Ejercicio de las Profesiones Liberales&#8221;.<\/p>\n<p>&#8220;M\u00e1s de 16.000 estudiantes entrerrianos ver\u00e1n reflejado este aumento en su beneficio. Asimismo, m\u00e1s de 35.000 alumnos se encuentran contenidos por los Programas y Servicios que impulsa el gobierno de Entre R\u00edos a trav\u00e9s de nuestro Instituto Becario&#8221;, concluy\u00f3 Berdi\u00f1as.<\/p>\n<p>&nbsp;<\/p>\n<p><strong>Cronograma<\/strong><\/p>\n<ul>\n<li><strong>Lunes 7:<\/strong> terminaci\u00f3n del DNI en 0, 1, 2, 3, 4, 5, 6, 7, 8 y 9 cuentas pertenecientes al Banco de Entre R\u00edos.<\/li>\n<li><strong>Martes 8:<\/strong> terminaci\u00f3n del DNI en 0,1 y 2 cuentas de otros bancos.<\/li>\n<li><strong>Mi\u00e9rcoles 9:<\/strong> terminaci\u00f3n del DNI en 3, 4 y 5 cuentas de otros bancos.<\/li>\n<li><strong>Jueves 10:<\/strong> terminaci\u00f3n de DNI en 6, 7, 8 y 9 cuentas de otros bancos.<\/li>\n<\/ul>\n<p>&nbsp;<\/p>\n<p><strong>Aumento de Becas<\/strong><\/p>\n<p>Para ejemplificar, tres becas del Programa Ordinario recibieron un aumento cercano al 170% comparando diciembre de 2023 con octubre del presente a\u00f1o. La Secundaria pas\u00f3 de 6500 pesos a 17.500 pesos; la Terciaria de 10.500 pesos a 28.000 pesos; y la beca Universitaria de 13.000 a 35.000 pesos.<\/p>\n","protected":false},"excerpt":{"rendered":"<p>&#8220;Con el gobernador Frigerio seguimos afianzando el sistema de acompa\u00f1amiento al estudiantado, con una beca que ha recibido un 170 por ciento de aumento en estos 10 meses de gesti\u00f3n&#8221;, dijo el director ejecutivo del Instituto Becario, Mariano Berdi\u00f1as. La beca universitaria pasar\u00e1 a 35.000 pesos &nbsp; &nbsp; Este lunes y hasta el pr\u00f3ximo viernes se extender\u00e1 el cronograma de pagos de becas provinciales, con el formato habitual de tramos seg\u00fan la entidad bancaria y culminaci\u00f3n de DNI del beneficiario. El director del ente aut\u00e1rquico, Mariano Berdi\u00f1as, destac\u00f3 que &#8220;adem\u00e1s,&#8230;<\/p>\n","protected":false},"author":3,"featured_media":19998,"comment_status":"closed","ping_status":"closed","sticky":false,"template":"","format":"standard","meta":[],"categories":[15],"tags":[],"_links":{"self":[{"href":"https:\/\/www.actualidadadiario.com\/index.php\/wp-json\/wp\/v2\/posts\/121085"}],"collection":[{"href":"https:\/\/www.actualidadadiario.com\/index.php\/wp-json\/wp\/v2\/posts"}],"about":[{"href":"https:\/\/www.actualidadadiario.com\/index.php\/wp-json\/wp\/v2\/types\/post"}],"author":[{"embeddable":true,"href":"https:\/\/www.actualidadadiario.com\/index.php\/wp-json\/wp\/v2\/users\/3"}],"replies":[{"embeddable":true,"href":"https:\/\/www.actualidadadiario.com\/index.php\/wp-json\/wp\/v2\/comments?post=121085"}],"version-history":[{"count":1,"href":"https:\/\/www.actualidadadiario.com\/index.php\/wp-json\/wp\/v2\/posts\/121085\/revisions"}],"predecessor-version":[{"id":121086,"href":"https:\/\/www.actualidadadiario.com\/index.php\/wp-json\/wp\/v2\/posts\/121085\/revisions\/121086"}],"wp:featuredmedia":[{"embeddable":true,"href":"https:\/\/www.actualidadadiario.com\/index.php\/wp-json\/wp\/v2\/media\/19998"}],"wp:attachment":[{"href":"https:\/\/www.actualidadadiario.com\/index.php\/wp-json\/wp\/v2\/media?parent=121085"}],"wp:term":[{"taxonomy":"category","embeddable":true,"href":"https:\/\/www.actualidadadiario.com\/index.php\/wp-json\/wp\/v2\/categories?post=121085"},{"taxonomy":"post_tag","embeddable":true,"href":"https:\/\/www.actualidadadiario.com\/index.php\/wp-json\/wp\/v2\/tags?post=121085"}],"curies":[{"name":"wp","href":"https:\/\/api.w.org\/{rel}","templated":true}]}}