{"id":121083,"date":"2024-10-04T10:45:49","date_gmt":"2024-10-04T13:45:49","guid":{"rendered":"https:\/\/www.actualidadadiario.com\/?p=121083"},"modified":"2024-10-04T10:45:49","modified_gmt":"2024-10-04T13:45:49","slug":"anuncian-un-fin-de-semana-de-hasta-30c-y-luego-volverian-las-lluvias","status":"publish","type":"post","link":"https:\/\/www.actualidadadiario.com\/index.php\/2024\/10\/04\/anuncian-un-fin-de-semana-de-hasta-30c-y-luego-volverian-las-lluvias\/","title":{"rendered":"Anuncian un fin de semana de hasta 30\u00b0C y luego volver\u00edan las lluvias"},"content":{"rendered":"<p style=\"text-align: center;\"><em><strong>Desde este viernes y durante el fin de semana suben las temperaturas. Luego, los meteor\u00f3logos prev\u00e9n posibles inestabilidades el lunes<\/strong><\/em><\/p>\n<p>&nbsp;<\/p>\n<p>&nbsp;<\/p>\n<p>El Servicio Meteorol\u00f3gico Nacional \u2013SMN\u2013 anuncia una suba de temperaturas en Entre R\u00edos desde este viernes y hasta el fin de semana. Las m\u00e1ximas podr\u00edan ubicarse entre los 25 y 30 grados, con jornadas de nubosidad variable.<\/p>\n<p>Sin embargo, tras un fin de semana agradable, el pron\u00f3stico extendido anticipa posibles inestabilidades para el lunes 7 de octubre. Seg\u00fan el SMN, ese d\u00eda podr\u00edan volver las lluvias de manera aisladas en distintas zonas de Entre R\u00edos.<\/p>\n<p>Estas inestabilidades, que por ahora no ser\u00edan importantes, provocar\u00e1n un suave descenso de las temperaturas teniendo en cuenta que el calor primaveral se sentir\u00e1 sobre todo el domingo.<\/p>\n<p>&nbsp;<\/p>\n<p><strong>Tiempo para hoy<\/strong><\/p>\n<p>En Paran\u00e1, Diamante, Nogoy\u00e1, La Paz y Villaguay indican para hoy una m\u00ednima de 10 grados y m\u00e1xima de 27 grados, en ascenso. El d\u00eda estar\u00e1 parcialmente nublado.<\/p>\n<p>En Concordia, Federal, Federaci\u00f3n, Feliciano y San Salvador prev\u00e9n 9 grados de m\u00ednima y 24 de m\u00e1xima para hoy, tambi\u00e9n con cielo parcialmente y algo nublado.<\/p>\n<p>En Uruguay, Gualeguaych\u00fa, Tala, Col\u00f3n e Islas del Ibicuy indican para este viernes 7 grados de m\u00ednima y 24 grados de m\u00e1xima, con cielo entre algo y parcialmente nublado.<\/p>\n<p>Finalmente, en Victoria y Gualeguay aguardan este viernes m\u00ednimas de 9 grados y m\u00e1xima de 26 grados, con leve nubosidad durante el d\u00eda.<\/p>\n","protected":false},"excerpt":{"rendered":"<p>Desde este viernes y durante el fin de semana suben las temperaturas. Luego, los meteor\u00f3logos prev\u00e9n posibles inestabilidades el lunes &nbsp; &nbsp; El Servicio Meteorol\u00f3gico Nacional \u2013SMN\u2013 anuncia una suba de temperaturas en Entre R\u00edos desde este viernes y hasta el fin de semana. Las m\u00e1ximas podr\u00edan ubicarse entre los 25 y 30 grados, con jornadas de nubosidad variable. Sin embargo, tras un fin de semana agradable, el pron\u00f3stico extendido anticipa posibles inestabilidades para el lunes 7 de octubre. Seg\u00fan el SMN, ese d\u00eda podr\u00edan volver las lluvias de manera&#8230;<\/p>\n","protected":false},"author":3,"featured_media":89008,"comment_status":"closed","ping_status":"closed","sticky":false,"template":"","format":"standard","meta":[],"categories":[15],"tags":[],"_links":{"self":[{"href":"https:\/\/www.actualidadadiario.com\/index.php\/wp-json\/wp\/v2\/posts\/121083"}],"collection":[{"href":"https:\/\/www.actualidadadiario.com\/index.php\/wp-json\/wp\/v2\/posts"}],"about":[{"href":"https:\/\/www.actualidadadiario.com\/index.php\/wp-json\/wp\/v2\/types\/post"}],"author":[{"embeddable":true,"href":"https:\/\/www.actualidadadiario.com\/index.php\/wp-json\/wp\/v2\/users\/3"}],"replies":[{"embeddable":true,"href":"https:\/\/www.actualidadadiario.com\/index.php\/wp-json\/wp\/v2\/comments?post=121083"}],"version-history":[{"count":1,"href":"https:\/\/www.actualidadadiario.com\/index.php\/wp-json\/wp\/v2\/posts\/121083\/revisions"}],"predecessor-version":[{"id":121084,"href":"https:\/\/www.actualidadadiario.com\/index.php\/wp-json\/wp\/v2\/posts\/121083\/revisions\/121084"}],"wp:featuredmedia":[{"embeddable":true,"href":"https:\/\/www.actualidadadiario.com\/index.php\/wp-json\/wp\/v2\/media\/89008"}],"wp:attachment":[{"href":"https:\/\/www.actualidadadiario.com\/index.php\/wp-json\/wp\/v2\/media?parent=121083"}],"wp:term":[{"taxonomy":"category","embeddable":true,"href":"https:\/\/www.actualidadadiario.com\/index.php\/wp-json\/wp\/v2\/categories?post=121083"},{"taxonomy":"post_tag","embeddable":true,"href":"https:\/\/www.actualidadadiario.com\/index.php\/wp-json\/wp\/v2\/tags?post=121083"}],"curies":[{"name":"wp","href":"https:\/\/api.w.org\/{rel}","templated":true}]}}