{"id":121075,"date":"2024-10-04T10:43:08","date_gmt":"2024-10-04T13:43:08","guid":{"rendered":"https:\/\/www.actualidadadiario.com\/?p=121075"},"modified":"2024-10-04T10:43:08","modified_gmt":"2024-10-04T13:43:08","slug":"asumio-chagas-y-se-termino-de-conformar-la-delegacion-argentina-ante-ctm-salto-grande","status":"publish","type":"post","link":"https:\/\/www.actualidadadiario.com\/index.php\/2024\/10\/04\/asumio-chagas-y-se-termino-de-conformar-la-delegacion-argentina-ante-ctm-salto-grande\/","title":{"rendered":"Asumi\u00f3 Chagas y se termin\u00f3 de conformar la Delegaci\u00f3n Argentina ante CTM Salto Grande"},"content":{"rendered":"<p style=\"text-align: center;\"><em><strong>El pasado 30 de septiembre, el Poder Ejecutivo Nacional lo design\u00f3 como Delegado ante el Organismo Binacional, completando de esta manera la representaci\u00f3n argentina<\/strong><\/em><\/p>\n<p>&nbsp;<\/p>\n<p>&nbsp;<\/p>\n<p>Luego de la designaci\u00f3n del Emb. Alejandro Daneri como Presidente de la Delegaci\u00f3n, a fines de febrero, y del nombramiento, semanas atr\u00e1s, del Dr. Pedro Galimberti como Vicepresidente, la asunci\u00f3n de Juan Carlos Chagas, esta ma\u00f1ana tras sesi\u00f3n extraordinaria con la Delegaci\u00f3n del Uruguay, termin\u00f3 de conformar la Delegaci\u00f3n Argentina ante la Comisi\u00f3n T\u00e9cnica Mixta de Salto Grande para este per\u00edodo.<\/p>\n<p>&nbsp;<\/p>\n<p><strong>Declaraciones<\/strong><\/p>\n<p>En este marco, Daneri le dio la bienvenida al nuevo integrante y se\u00f1al\u00f3: \u201cEs una satisfacci\u00f3n muy grande trabajar con gente de tanta trayectoria, pol\u00edtica como profesional, como la que tienen los integrantes de la Delegaci\u00f3n Argentina. Tenemos mucho camino por delante y vamos a seguir trabajando por Entre R\u00edos y la Regi\u00f3n, contribuyendo al bienestar de las personas\u201d.<\/p>\n<p>Por su parte, el flamante Delegado expres\u00f3: \u201cEstoy emocionado por el orgullo y la satisfacci\u00f3n de volver a Salto Grande. Quiero mucho a este organismo y siempre donde he estado me compromet\u00ed a fondo con la funci\u00f3n. Quiero remarcar que por el Gobernador de Entre R\u00edos, Rogelio Frigerio, y a propuesta de la Naci\u00f3n y el Senador Edgardo Kueider, se decidi\u00f3 y determin\u00f3 que hoy est\u00e9 aqu\u00ed y asuma mi responsabilidad en Salto Grande\u201d.<\/p>\n<p>\u201cNo solo es una cuesti\u00f3n de orgullo personal, sino que es el entusiasmo y la posibilidad de hacer cosas, que es lo que siempre me ha caracterizado, y creo que hemos hecho y vamos a seguir haciendo ahora\u201d, agreg\u00f3 Chagas, de anterior paso por Salto Grande, entre 2004 y 2010.<\/p>\n<p>Galimberti, en tanto, manifest\u00f3: \u201cEs un enorme placer comenzar a trabajar con una persona de la experiencia de Juan Carlos Chagas. Su llegada aportar\u00e1 mucho; no solo en los temas referidos a la energ\u00eda, materia en la que cuenta con una amplia trayectoria, sino tambi\u00e9n para impulsar en conjunto, proyectos e iniciativas de desarrollo para la Regi\u00f3n, que ocupan un lugar muy importante en la agenda de esta Delegaci\u00f3n\u201d.<\/p>\n<p>Adem\u00e1s, Chagas se refiri\u00f3 a su compromiso con la gesti\u00f3n energ\u00e9tica: \u201cEstamos viviendo un momento muy particular, donde la energ\u00eda, impostergablemente, debe estar en la agenda pol\u00edtica porque es una necesidad mundial y, por supuesto, de los argentinos y entrerrianos\u201d<\/p>\n<p>En este sentido, el expresidente de ENERSA destac\u00f3 la existencia del Comit\u00e9 Energ\u00e9tico de Entre R\u00edos, conformado, desde meses atr\u00e1s, por el Gobierno provincial y Salto Grande, y asegur\u00f3 que continuar\u00e1n trabajando por un mejor reconocimiento para la energ\u00eda que genera Salto Grande:<\/p>\n<p>\u201cEn mi anterior paso por la Delegaci\u00f3n, tuve muchos encuentros por este reclamo en la Secretar\u00eda de Energ\u00eda. Vamos a seguir trabajando con mucha firmeza por este tema; el Gobernador Frigerio ha manifestado y puesto mucho \u00e9nfasis en esta situaci\u00f3n\u201d.<\/p>\n<p>El acto cont\u00f3 con la presencia de funcionarios del Organismo Binacional, el Intendente de Concordia, Dr. Francisco Azcu\u00e9, y de otros presidentes municipales de la zona, as\u00ed como tambi\u00e9n con representantes de diversas instituciones de la regi\u00f3n y la provincia de Entre R\u00edos.<\/p>\n","protected":false},"excerpt":{"rendered":"<p>El pasado 30 de septiembre, el Poder Ejecutivo Nacional lo design\u00f3 como Delegado ante el Organismo Binacional, completando de esta manera la representaci\u00f3n argentina &nbsp; &nbsp; Luego de la designaci\u00f3n del Emb. Alejandro Daneri como Presidente de la Delegaci\u00f3n, a fines de febrero, y del nombramiento, semanas atr\u00e1s, del Dr. Pedro Galimberti como Vicepresidente, la asunci\u00f3n de Juan Carlos Chagas, esta ma\u00f1ana tras sesi\u00f3n extraordinaria con la Delegaci\u00f3n del Uruguay, termin\u00f3 de conformar la Delegaci\u00f3n Argentina ante la Comisi\u00f3n T\u00e9cnica Mixta de Salto Grande para este per\u00edodo. &nbsp; Declaraciones En&#8230;<\/p>\n","protected":false},"author":3,"featured_media":121076,"comment_status":"closed","ping_status":"closed","sticky":false,"template":"","format":"standard","meta":[],"categories":[15],"tags":[],"_links":{"self":[{"href":"https:\/\/www.actualidadadiario.com\/index.php\/wp-json\/wp\/v2\/posts\/121075"}],"collection":[{"href":"https:\/\/www.actualidadadiario.com\/index.php\/wp-json\/wp\/v2\/posts"}],"about":[{"href":"https:\/\/www.actualidadadiario.com\/index.php\/wp-json\/wp\/v2\/types\/post"}],"author":[{"embeddable":true,"href":"https:\/\/www.actualidadadiario.com\/index.php\/wp-json\/wp\/v2\/users\/3"}],"replies":[{"embeddable":true,"href":"https:\/\/www.actualidadadiario.com\/index.php\/wp-json\/wp\/v2\/comments?post=121075"}],"version-history":[{"count":1,"href":"https:\/\/www.actualidadadiario.com\/index.php\/wp-json\/wp\/v2\/posts\/121075\/revisions"}],"predecessor-version":[{"id":121077,"href":"https:\/\/www.actualidadadiario.com\/index.php\/wp-json\/wp\/v2\/posts\/121075\/revisions\/121077"}],"wp:featuredmedia":[{"embeddable":true,"href":"https:\/\/www.actualidadadiario.com\/index.php\/wp-json\/wp\/v2\/media\/121076"}],"wp:attachment":[{"href":"https:\/\/www.actualidadadiario.com\/index.php\/wp-json\/wp\/v2\/media?parent=121075"}],"wp:term":[{"taxonomy":"category","embeddable":true,"href":"https:\/\/www.actualidadadiario.com\/index.php\/wp-json\/wp\/v2\/categories?post=121075"},{"taxonomy":"post_tag","embeddable":true,"href":"https:\/\/www.actualidadadiario.com\/index.php\/wp-json\/wp\/v2\/tags?post=121075"}],"curies":[{"name":"wp","href":"https:\/\/api.w.org\/{rel}","templated":true}]}}