{"id":121073,"date":"2024-10-04T10:41:54","date_gmt":"2024-10-04T13:41:54","guid":{"rendered":"https:\/\/www.actualidadadiario.com\/?p=121073"},"modified":"2024-10-04T10:41:54","modified_gmt":"2024-10-04T13:41:54","slug":"segun-un-informe-de-inta-unas-17-mil-hectareas-de-citricos-fueron-afectadas-por-el-granizo","status":"publish","type":"post","link":"https:\/\/www.actualidadadiario.com\/index.php\/2024\/10\/04\/segun-un-informe-de-inta-unas-17-mil-hectareas-de-citricos-fueron-afectadas-por-el-granizo\/","title":{"rendered":"Seg\u00fan un informe de INTA, unas 17 mil hect\u00e1reas de c\u00edtricos fueron afectadas por el granizo"},"content":{"rendered":"<p style=\"text-align: center;\"><em><strong>Del informe de la Estaci\u00f3n Experimental Agropecuaria Concordia del INTA sobre el relevamiento realizado para determinar los da\u00f1os ocasionados por la tormenta de granizo, registrada el pasado mi\u00e9rcoles 24 de septiembre, en quintas c\u00edtricas del departamento Federaci\u00f3n \u00a0se desprende que las colonias damnificadas son La Florida, Freitas, Ayman, Villa Libertad, Brambrilla, Raceta y Santa Elo\u00edsa. Asimismo, se destaca que el \u00e1rea total afectada se estima en 17.000 hect\u00e1reas<\/strong><\/em><\/p>\n<p>&nbsp;<\/p>\n<p>&nbsp;<\/p>\n<p>&nbsp;<\/p>\n<p><strong>Objetivo del informe<\/strong><\/p>\n<p>Este informe t\u00e9cnico tiene como prop\u00f3sito estimar la p\u00e9rdida de cosecha de c\u00edtricos ocasionada por la tormenta de granizo que afect\u00f3 diversas colonias del departamento Federaci\u00f3n el mi\u00e9rcoles 24 de septiembre de 2024. La evaluaci\u00f3n del da\u00f1o se realiz\u00f3 mediante inspecciones de campo en la zona afectada, con la colaboraci\u00f3n de agricultores pertenecientes a distintas asociaciones de citricultores, quienes ayudaron a delimitar el \u00e1rea impactada por la granizada. El objetivo es georreferenciar la zona afectada y presentar una evaluaci\u00f3n de los da\u00f1os ocasionados en lotes ubicados dentro de la zona afectada, indicada en el Anexo 1. Esta demarcaci\u00f3n se realiza en base a la cobertura de nubes en un momento determinado y es estimativo, para mayor precisi\u00f3n de la superficie y el nivel de da\u00f1o, es necesario considerar el avance de la manga y un relevamiento in situ de cada lote afectado.<\/p>\n<p>&nbsp;<\/p>\n<p><strong>Descripci\u00f3n del \u00e1rea afectada<\/strong><\/p>\n<ul>\n<li><strong>Contexto regional<\/strong><\/li>\n<\/ul>\n<p>El departamento Federaci\u00f3n, ubicado en la provincia de Entre R\u00edos, se erige como el principal n\u00facleo citr\u00edcola de la regi\u00f3n, concentrando el 85,2% de las quintas y el 87% de los productores, seg\u00fan datos del Censo Citr\u00edcola 2015-2016. El departamento cuenta con 2.005 quintas y 1.634 productores, destac\u00e1ndose significativamente sobre otros departamentos como Concordia. La superficie efectiva dedicada a la citricultura en Federaci\u00f3n asciende a 29.379 hect\u00e1reas, lo que representa el 80,7% del \u00e1rea total provincial destinada a este cultivo.<\/p>\n<p>La estructura productiva se caracteriza por el predominio de peque\u00f1os productores, con m\u00e1s del 55% de las quintas menores a 15 hect\u00e1reas, mientras que solo un 5% supera las 100 hect\u00e1reas. En cuanto a la distribuci\u00f3n de especies, predominan las naranjas (52%) y mandarinas (42%), con una participaci\u00f3n minoritaria de limones y c\u00edtricos.<\/p>\n<p>&nbsp;<\/p>\n<ul>\n<li><strong>Colonias afectadas<\/strong><\/li>\n<\/ul>\n<p>Las colonias objeto del presente informe se localizan en el ejido de los municipios de Chajar\u00ed y Villa del Rosario, en el noreste<\/p>\n<p>de la provincia de Entre R\u00edos. Las colonias afectadas son: La Florida, Fleitas, Ayman, Villa Libertad, Brambrilla, Raceta y Santa Elo\u00edsa. De acuerdo a las im\u00e1genes satelitales GOES16 de la tormenta (Anexo1), el \u00e1rea total afectada por la tormenta se estima en 17.000 ha.<\/p>\n<p>&nbsp;<\/p>\n<p><strong>Contexto de la floraci\u00f3n en c\u00edtricos<\/strong><\/p>\n<p>La floraci\u00f3n de los c\u00edtricos en el nordeste entrerriano ocurre principalmente entre septiembre y octubre, coincidiendo con la primavera austral. Durante este per\u00edodo cr\u00edtico, las plantas desarrollan las estructuras florales que posteriormente dar\u00e1n lugar a los frutos. Esta fase es extremadamente sensible, ya que cualquier da\u00f1o en las estructuras florales puede comprometer severamente la formaci\u00f3n de frutos, afectando el rendimiento de la campa\u00f1a.<\/p>\n<p>Las flores de los c\u00edtricos son particularmente vulnerables. Los impactos de granizo pueden provocar la abscisi\u00f3n prematura de las flores o da\u00f1ar los tejidos florales, impidiendo su fecundaci\u00f3n y, consecuentemente, la formaci\u00f3n del fruto. En casos de da\u00f1o severo, puede ocurrir una p\u00e9rdida total de la floraci\u00f3n, lo que se traduce en una reducci\u00f3n considerable en la producci\u00f3n final de frutos. Adicionalmente, las lesiones causadas por el granizo representan potenciales puntos de entrada para diversos pat\u00f3genos, como hongos y bacterias. En el caso espec\u00edfico de los c\u00edtricos, estas heridas pueden facilitar la infecci\u00f3n por enfermedades como el cancro c\u00edtrico o la alternaria, exacerbando el impacto negativo en la producci\u00f3n.<\/p>\n<p>&nbsp;<\/p>\n<p><strong>Impacto directo sobre variedades de maduraci\u00f3n tard\u00eda en zonas severamente afectadas<\/strong><\/p>\n<p>En las \u00e1reas m\u00e1s afectadas por el granizo, se observaron p\u00e9rdidas significativas en variedades de mandarinas de maduraci\u00f3n tard\u00eda como Encore y Murcott, con da\u00f1os directos sobre frutos maduros pr\u00f3ximos a cosecha que oscilan entre el 75% y el 90%. Para el caso de las naranjas Valencia, la situaci\u00f3n es similar, con da\u00f1os directos que var\u00edan entre el 60% y el 90% de p\u00e9rdidas atribuibles al granizo. A esta situaci\u00f3n debe sumarse el potencial impacto negativo por estr\u00e9s fisiol\u00f3gico en la pr\u00f3xima campa\u00f1a productiva.<\/p>\n<p>&nbsp;<\/p>\n<p><strong>Caracterizaci\u00f3n de los da\u00f1os productos del granizo<\/strong><\/p>\n<p>La magnitud de los da\u00f1os ocasionados por la granizada est\u00e1 directamente relacionada con la intensidad y el tama\u00f1o de las part\u00edculas de hielo. Los efectos observados se pueden clasificar en dos categor\u00edas principales:<\/p>\n<ul>\n<li>Da\u00f1os sobre el tronco y la ramificaci\u00f3n: Los impactos del granizo han provocado laceraciones en la corteza, exponiendo el xilema. En este evento, se observa un nivel de da\u00f1o medio en la estructura productiva. No obstante, las nuevas brotaciones se ver\u00e1n significativamente debilitadas y con un elevado riesgo de infecciones patog\u00e9nicas.<\/li>\n<li>Da\u00f1os sobre la vegetaci\u00f3n y la fructificaci\u00f3n: Si bien los da\u00f1os ocasionados sobre los brotes y las hojas son recuperables a medio plazo, los frutos que hayan sobrevivido al impacto ver\u00e1n reducidas sus posibilidades de desarrollo normal. Adem\u00e1s, estos frutos presentar\u00e1n un mayor riesgo de infecciones secundarias, como se ha mencionado anteriormente.<\/li>\n<\/ul>\n<p>&nbsp;<\/p>\n<p><strong>Medidas de mitigaci\u00f3n<\/strong><\/p>\n<p>La implementaci\u00f3n de medidas de manejo adecuadas en la citricultura afectada por granizo es crucial para mitigar el impacto del da\u00f1o y asegurar una recuperaci\u00f3n eficiente del cultivo. A continuaci\u00f3n, se presentan estrategias clave:<\/p>\n<p><strong>Evaluaci\u00f3n del da\u00f1o:<\/strong><\/p>\n<p>\u2713 Realizar una evaluaci\u00f3n inmediata y exhaustiva del da\u00f1o en hojas, ramas y frutos post-evento.<\/p>\n<p>\u2713 Identificar y clasificar las \u00e1reas afectadas seg\u00fan la severidad del da\u00f1o (leve, moderado o severo) para priorizar las acciones de manejo.<\/p>\n<p>&nbsp;<\/p>\n<p><strong>Podas correctivas:<\/strong><\/p>\n<p>\u2713 Ejecutar podas sanitarias en las ramas afectadas para prevenir la propagaci\u00f3n de enfermedades f\u00fangicas.<\/p>\n<p>\u2713 Realizar cortes limpios y desinfectar rigurosamente las herramientas de poda entre \u00e1rboles.<\/p>\n<p>\u2713 En casos de da\u00f1o severo, implementar podas de rejuvenecimiento para estimular el rebrote y reequilibrar la estructura del \u00e1rbol.<\/p>\n<p>Aplicaci\u00f3n de fungicidas:<\/p>\n<p>\u2713 Implementar un programa de aplicaci\u00f3n de fungicidas de amplio espectro, con \u00e9nfasis en productos a base de cobre.<\/p>\n<p>\u2713 Focalizar en la prevenci\u00f3n de enfermedades como la gomosis y la cancrosis, que pueden ingresar por las heridas causadas por el granizo.<\/p>\n<p>&nbsp;<\/p>\n<p><strong>Nutrici\u00f3n balanceada:<\/strong><\/p>\n<p>\u2713 Aplicar nutrientes v\u00eda foliar para promover una r\u00e1pida recuperaci\u00f3n del \u00e1rbol.<\/p>\n<p>\u2713 Utilizar microelementos como zinc, magnesio y manganeso, junto con bioestimulantes que fomenten la regeneraci\u00f3n de tejidos vegetales.<\/p>\n<p>\u2713 Asegurar una fertilizaci\u00f3n ed\u00e1fica adecuada para promover el crecimiento radicular y vegetativo post-estr\u00e9s.<\/p>\n<p>&nbsp;<\/p>\n<p><strong>Control integrado de plagas y enfermedades:<\/strong><\/p>\n<p>\u2713 Intensificar el monitoreo de plagas como insectos chupadores, dada la mayor susceptibilidad de los \u00e1rboles estresados.<\/p>\n<p>\u2713 Realizar aplicaciones preventivas de fungicidas espec\u00edficos para evitar la proliferaci\u00f3n de enfermedades como Cancrosis y Alternaria. La implementaci\u00f3n coordinada y oportuna de estas medidas de mitigaci\u00f3n ser\u00e1 fundamental para minimizar las p\u00e9rdidas a corto plazo y asegurar la recuperaci\u00f3n y productividad de las plantaciones c\u00edtricas afectadas en el mediano y largo plazo.<\/p>\n<p>Anexo No1 \u2013 Imagen GOES16 con vista de la cobertura de nubes y delimitaci\u00f3n estimada de la zona afectada por la tormenta del 24\/9\/2024 (17.000 ha).<\/p>\n","protected":false},"excerpt":{"rendered":"<p>Del informe de la Estaci\u00f3n Experimental Agropecuaria Concordia del INTA sobre el relevamiento realizado para determinar los da\u00f1os ocasionados por la tormenta de granizo, registrada el pasado mi\u00e9rcoles 24 de septiembre, en quintas c\u00edtricas del departamento Federaci\u00f3n \u00a0se desprende que las colonias damnificadas son La Florida, Freitas, Ayman, Villa Libertad, Brambrilla, Raceta y Santa Elo\u00edsa. Asimismo, se destaca que el \u00e1rea total afectada se estima en 17.000 hect\u00e1reas &nbsp; &nbsp; &nbsp; Objetivo del informe Este informe t\u00e9cnico tiene como prop\u00f3sito estimar la p\u00e9rdida de cosecha de c\u00edtricos ocasionada por la&#8230;<\/p>\n","protected":false},"author":3,"featured_media":90297,"comment_status":"closed","ping_status":"closed","sticky":false,"template":"","format":"standard","meta":[],"categories":[15],"tags":[],"_links":{"self":[{"href":"https:\/\/www.actualidadadiario.com\/index.php\/wp-json\/wp\/v2\/posts\/121073"}],"collection":[{"href":"https:\/\/www.actualidadadiario.com\/index.php\/wp-json\/wp\/v2\/posts"}],"about":[{"href":"https:\/\/www.actualidadadiario.com\/index.php\/wp-json\/wp\/v2\/types\/post"}],"author":[{"embeddable":true,"href":"https:\/\/www.actualidadadiario.com\/index.php\/wp-json\/wp\/v2\/users\/3"}],"replies":[{"embeddable":true,"href":"https:\/\/www.actualidadadiario.com\/index.php\/wp-json\/wp\/v2\/comments?post=121073"}],"version-history":[{"count":1,"href":"https:\/\/www.actualidadadiario.com\/index.php\/wp-json\/wp\/v2\/posts\/121073\/revisions"}],"predecessor-version":[{"id":121074,"href":"https:\/\/www.actualidadadiario.com\/index.php\/wp-json\/wp\/v2\/posts\/121073\/revisions\/121074"}],"wp:featuredmedia":[{"embeddable":true,"href":"https:\/\/www.actualidadadiario.com\/index.php\/wp-json\/wp\/v2\/media\/90297"}],"wp:attachment":[{"href":"https:\/\/www.actualidadadiario.com\/index.php\/wp-json\/wp\/v2\/media?parent=121073"}],"wp:term":[{"taxonomy":"category","embeddable":true,"href":"https:\/\/www.actualidadadiario.com\/index.php\/wp-json\/wp\/v2\/categories?post=121073"},{"taxonomy":"post_tag","embeddable":true,"href":"https:\/\/www.actualidadadiario.com\/index.php\/wp-json\/wp\/v2\/tags?post=121073"}],"curies":[{"name":"wp","href":"https:\/\/api.w.org\/{rel}","templated":true}]}}