{"id":121070,"date":"2024-10-04T10:40:27","date_gmt":"2024-10-04T13:40:27","guid":{"rendered":"https:\/\/www.actualidadadiario.com\/?p=121070"},"modified":"2024-10-04T10:40:27","modified_gmt":"2024-10-04T13:40:27","slug":"el-desempleo-entre-los-jovenes-entrerrianos-fue-120-por-ciento-superior-al-promedio-en-los-ultimos-cinco-anos","status":"publish","type":"post","link":"https:\/\/www.actualidadadiario.com\/index.php\/2024\/10\/04\/el-desempleo-entre-los-jovenes-entrerrianos-fue-120-por-ciento-superior-al-promedio-en-los-ultimos-cinco-anos\/","title":{"rendered":"El desempleo entre los j\u00f3venes entrerrianos fue 120 por ciento superior al promedio en los \u00faltimos cinco a\u00f1os"},"content":{"rendered":"<p style=\"text-align: center;\"><em><strong>As\u00ed lo expuso el primer informe del Observatorio del Mercado Laboral de la Provincia que funciona por un convenio entre Gobierno y la Facultad de Ciencias Econ\u00f3micas de la UNER. Exhibi\u00f3 que los hombres superan a las mujeres en 15 puntos porcentuales en las tasas de ocupaci\u00f3n. Esta brecha se redujo en los \u00faltimos trimestres. Tambi\u00e9n expuso que las mujeres muestran una tasa de desempleo 0,6 puntos porcentuales superior en promedio en los \u00faltimos cinco a\u00f1os<\/strong><\/em><\/p>\n<p>&nbsp;<\/p>\n<p>&nbsp;<\/p>\n<p>El Observatorio del Mercado Laboral de la Provincia fue impulsado por un convenio entre la Secretar\u00eda de Trabajo, el Ministerio de Gobierno y Trabajo, y la Facultad de Ciencias Econ\u00f3micas de la Universidad Nacional de Entre R\u00edos (UNER), y funciona en el \u00e1mbito de la Secretar\u00eda de Investigaci\u00f3n de esa casa de Altos Estudios con el prop\u00f3sito ofrecer una radiograf\u00eda detallada de la situaci\u00f3n del empleo en Entre R\u00edos.<\/p>\n<p>En la S\u00edntesis del primer Informe trimestral del mercado de trabajo en los grandes aglomerados urbanos de la Provincia se exhiben datos del\u00a0 primer trimestre de 2024 y adelanto de informaci\u00f3n del segundo trimestre. Tambi\u00e9n se analizaron datos del per\u00edodo comprendido entre el primer trimestre de 2019 y el mismo per\u00edodo del 2024 y ya se encuentra disponible para su consulta en el sitio web de la Facultad de Ciencias Econ\u00f3micas: https:\/\/www.fceco.uner.edu.ar\/observatorio-del-mercado-laboral-de-la-provincia-de-entre-rios\/.<\/p>\n<p>&nbsp;<\/p>\n<p><strong>Resumen<\/strong><\/p>\n<p>En el Resumen Ejecutivo se precis\u00f3 que \u201cen este informe se presentan los impactos de la coyuntura actual sobre el mercado de trabajo en las principales \u00e1reas urbanas de la Provincia. Vemos particularidades en la din\u00e1mica laboral provincial en relaci\u00f3n a los fen\u00f3menos observados a nivel nacional\u201d.<\/p>\n<p>&nbsp;<\/p>\n<p><strong>Incidencia negativa<\/strong><\/p>\n<p>As\u00ed se se\u00f1al\u00f3 que \u201cse observa en t\u00e9rminos generales una menor incidencia del desempleo, pero acompa\u00f1ada por nivel de ocupaci\u00f3n, especialmente en el aglomerado Concordia. Si bien las medidas adoptadas por el nuevo gobierno han tenido una incidencia negativa sobre la actividad econ\u00f3mica en casi todos los sectores, en el primer trimestre del a\u00f1o no se observa claramente una ca\u00edda del nivel de ocupaci\u00f3n\u201d.<\/p>\n<p>No obstante aquella primera evaluaci\u00f3n se consign\u00f3 que \u201cen el segundo trimestre s\u00ed se observa una ca\u00edda tanto respecto al trimestre anterior como al mismo trimestre del a\u00f1o anterior. La tasa de desempleo frena la disminuci\u00f3n que ven\u00eda mostrando desde el final de la pandemia\u201d.<\/p>\n<p>&nbsp;<\/p>\n<p><strong>G\u00e9nero<\/strong><\/p>\n<p>En el an\u00e1lisis por grupos poblacionales que abord\u00f3 el informe \u201cse observa en primer lugar una inserci\u00f3n diferencial entre hombres y mujeres, con tasas de ocupaci\u00f3n 15 puntos porcentuales superiores para los primeros. Esta brecha se ha reducido en los \u00faltimos trimestres. Con relaci\u00f3n a la incidencia del desempleo, las mujeres muestran una tasa de desempleo 0,6 puntos porcentuales superior en promedio en los \u00faltimos cinco a\u00f1os\u201d.<\/p>\n<p>&nbsp;<\/p>\n<p><strong>Franja etaria<\/strong><\/p>\n<p>En t\u00e9rminos de grupos etarios, el informe expuso que \u201cla desocupaci\u00f3n entre los j\u00f3venes muestra niveles sensiblemente elevados, al igual que lo que se observa en los indicadores nacionales. La tasa de desempleo entre los j\u00f3venes ha sido 120 por ciento superior al promedio en los \u00faltimos cinco a\u00f1os\u201d.<\/p>\n<p>Tambi\u00e9n precis\u00f3 que \u201cpor el lado de la demanda vemos que el sector comercio no solo es el sector privado con mayor ocupaci\u00f3n (21 por ciento del total de los ocupados), sino que en este per\u00edodo ha sido uno de los que m\u00e1s se ha expandido, aumentando su participaci\u00f3n en el total\u201d.<\/p>\n<p>El informe exhibi\u00f3 que \u201cla industria, la construcci\u00f3n, la salud y la educaci\u00f3n han sido otras ramas de actividad que han aumentado sensiblemente la ocupaci\u00f3n en los \u00faltimos cinco a\u00f1os\u201d, a\u00f1adiendo que \u201clos ocupados en el sector privado han aumentado m\u00e1s que aquellos en el sector p\u00fablico, reduciendo levemente en los \u00faltimos 5 a\u00f1os el porcentaje de ocupados en establecimientos p\u00fablicos. Dentro del sector privado han sido m\u00e1s din\u00e1micas las microempresas (hasta cinco empleados) y las grandes empresas (m\u00e1s de cuarenta empleados)\u201d.<\/p>\n","protected":false},"excerpt":{"rendered":"<p>As\u00ed lo expuso el primer informe del Observatorio del Mercado Laboral de la Provincia que funciona por un convenio entre Gobierno y la Facultad de Ciencias Econ\u00f3micas de la UNER. Exhibi\u00f3 que los hombres superan a las mujeres en 15 puntos porcentuales en las tasas de ocupaci\u00f3n. Esta brecha se redujo en los \u00faltimos trimestres. Tambi\u00e9n expuso que las mujeres muestran una tasa de desempleo 0,6 puntos porcentuales superior en promedio en los \u00faltimos cinco a\u00f1os &nbsp; &nbsp; El Observatorio del Mercado Laboral de la Provincia fue impulsado por un&#8230;<\/p>\n","protected":false},"author":3,"featured_media":114945,"comment_status":"closed","ping_status":"closed","sticky":false,"template":"","format":"standard","meta":[],"categories":[9],"tags":[],"_links":{"self":[{"href":"https:\/\/www.actualidadadiario.com\/index.php\/wp-json\/wp\/v2\/posts\/121070"}],"collection":[{"href":"https:\/\/www.actualidadadiario.com\/index.php\/wp-json\/wp\/v2\/posts"}],"about":[{"href":"https:\/\/www.actualidadadiario.com\/index.php\/wp-json\/wp\/v2\/types\/post"}],"author":[{"embeddable":true,"href":"https:\/\/www.actualidadadiario.com\/index.php\/wp-json\/wp\/v2\/users\/3"}],"replies":[{"embeddable":true,"href":"https:\/\/www.actualidadadiario.com\/index.php\/wp-json\/wp\/v2\/comments?post=121070"}],"version-history":[{"count":1,"href":"https:\/\/www.actualidadadiario.com\/index.php\/wp-json\/wp\/v2\/posts\/121070\/revisions"}],"predecessor-version":[{"id":121072,"href":"https:\/\/www.actualidadadiario.com\/index.php\/wp-json\/wp\/v2\/posts\/121070\/revisions\/121072"}],"wp:featuredmedia":[{"embeddable":true,"href":"https:\/\/www.actualidadadiario.com\/index.php\/wp-json\/wp\/v2\/media\/114945"}],"wp:attachment":[{"href":"https:\/\/www.actualidadadiario.com\/index.php\/wp-json\/wp\/v2\/media?parent=121070"}],"wp:term":[{"taxonomy":"category","embeddable":true,"href":"https:\/\/www.actualidadadiario.com\/index.php\/wp-json\/wp\/v2\/categories?post=121070"},{"taxonomy":"post_tag","embeddable":true,"href":"https:\/\/www.actualidadadiario.com\/index.php\/wp-json\/wp\/v2\/tags?post=121070"}],"curies":[{"name":"wp","href":"https:\/\/api.w.org\/{rel}","templated":true}]}}