{"id":121060,"date":"2024-10-03T14:41:08","date_gmt":"2024-10-03T17:41:08","guid":{"rendered":"https:\/\/www.actualidadadiario.com\/?p=121060"},"modified":"2024-10-03T14:41:08","modified_gmt":"2024-10-03T17:41:08","slug":"diputados-la-oposicion-pidio-sesionar-el-miercoles-el-veto-al-financiamiento-universitario-y-el-gobierno-aun-no-tiene-los-votos","status":"publish","type":"post","link":"https:\/\/www.actualidadadiario.com\/index.php\/2024\/10\/03\/diputados-la-oposicion-pidio-sesionar-el-miercoles-el-veto-al-financiamiento-universitario-y-el-gobierno-aun-no-tiene-los-votos\/","title":{"rendered":"Diputados: la oposici\u00f3n pidi\u00f3 sesionar el mi\u00e9rcoles el veto al financiamiento universitario y el Gobierno a\u00fan no tiene los votos"},"content":{"rendered":"<p style=\"text-align: center;\"><em><strong>El veto presidencial abri\u00f3 el escenario a un nuevo intento de la oposici\u00f3n de alcanzar los dos tercios en la C\u00e1mara de Diputados<\/strong><\/em><\/p>\n<p>&nbsp;<\/p>\n<p>&nbsp;<\/p>\n<p>Apenas minutos despu\u00e9s de terminada la Marcha Federal Universitaria, Javier Milei ratific\u00f3 el veto a la ley de financiamiento que fortalece partidas para el funcionamiento educativo y los salarios docentes. En Diputados ya anticipaban la medida y se preparan para una sesi\u00f3n el mi\u00e9rcoles 9 de octubre a las 11 horas. La oposici\u00f3n comenz\u00f3 el proceso de captaci\u00f3n de votos y tienen mayor optimismo de desarticular al grupo de \u201c87 h\u00e9roes\u201d que celebr\u00f3 en Olivos el rechazo a la reforma jubilatoria.<\/p>\n<p>La noticia de la sesi\u00f3n -que unific\u00f3 pedidos de cuatro bloques distintos- se oficializ\u00f3 pasado el mediod\u00eda del jueves luego de que ingresara el veto al Congreso. Casa Rosada hace n\u00fameros: en caso de que la totalidad de los 257 diputados est\u00e9n presentes, se necesitan 172 votos (dos tercios) para revertir el veto presidencial, por lo que con 86 voluntades se aseguran que eso no ocurra. Sin embargo, desde el oficialismo y la oposici\u00f3n dan por descontado que habr\u00e1 ausencias de los que buscan evitar confrontar con Naci\u00f3n y con las comunidades universitarias de sus distritos. Como referencia, en la sesi\u00f3n del 15 de agosto hubo 35 ausentes, provenientes de todos los partidos.<\/p>\n<p>La aspiraci\u00f3n de los que quieren revertir el veto es captar la mayor cantidad de esos votos. Hay dos posturas que los entusiasman, principalmente porque llegan desde el PRO: la de \u00c1lvaro Gonz\u00e1lez, cercano a Larreta, y la de H\u00e9ctor Baldassi, el ex\u00e1rbitro que public\u00f3 en sus redes sociales su respaldo a la marcha universitaria. Observan tambi\u00e9n la posibilidad de un cambio de postura de la exlibertaria Lourdes Arrieta, junto a una nueva ausencia de los dos aliados del espacio sanjuanino Producci\u00f3n y Trabajo.<\/p>\n<p>Adem\u00e1s habr\u00eda otra posici\u00f3n de los cinco radicales que negociaron con Casa Rosada sus votos para ratificar el veto a jubilaciones e intentar torcer la postura del mendocino Lisandro Nieri, quien se abstuvo en agosto. Como referencia, se conoci\u00f3 que desde el entorno m\u00e1s cercano del misionero Mart\u00edn Arjol encabezaron la marcha en Posadas. El bloque pretende que al menos se ausenten, con distinto grado de animosidad. Desde el rinc\u00f3n m\u00e1s opositor de la UCR, el bonaerense Pablo Juliano lo expres\u00f3 con vehemencia: \u201cLos que votan en contra de la ley de financiamiento universitario dejan de ser radicales&#8221;.<\/p>\n<p>Las miradas tambi\u00e9n apuntan hacia el bloque de Innovaci\u00f3n Federal, que respald\u00f3 en agosto la ley de financiamiento universitario pero se abstuvo por unanimidad cuando se vetaron jubilaciones. Los tres representantes salte\u00f1os ya adelantaron que acompa\u00f1ar\u00e1n a la oposici\u00f3n, mientras que contin\u00faa la incertidumbre en R\u00edo Negro y Misiones, donde buscan maniobrar entre las negociaciones por obras p\u00fablicas (que se intensificaron al d\u00eda siguiente de haberse presentado el proyecto del Presupuesto 2025) y la influencia que tienen las universidades en sus territorios. Otra insinuaci\u00f3n es la del neuquino Osvaldo Llanc\u00e1filo, que responde al MPN pero se encuentra vinculado a este espacio de provincialistas, quien ya anunci\u00f3 que buscar\u00e1 revertir el veto.<\/p>\n<p>En caso de que la C\u00e1mara de Diputados ratifique el incremento presupuestario la semana que viene, el Senado tendr\u00eda el camino allanado para provocarle un fuerte impacto al Gobierno, m\u00e1s pol\u00edtico que de orden fiscal. All\u00ed necesitan 48 votos y ya tienen garantizados 47 entre los bloques de Uni\u00f3n por la Patria y la Uni\u00f3n C\u00edvica Radical, que sostienen fluidez con autoridades universitarias. El apoyo restante podr\u00eda provenir de cuatro bloques distintos, pero ni siquiera har\u00eda falta: Guadalupe Tagliaferri (PRO) anticip\u00f3 que acompa\u00f1a la mejora en el financiamiento universitario.<\/p>\n<p>&nbsp;<\/p>\n<p><strong>Ley de Financiamiento Universitario y Presupuesto 2025<\/strong><\/p>\n<p>La ley de Financiamiento Universitario aprobada por ambas c\u00e1maras buscaba garantizar un fortalecimiento de las partidas presupuestarias para gastos de funcionamiento y salarios de profesores, a partir de una recomposici\u00f3n que reconoce la inflaci\u00f3n medida por el INDEC desde diciembre del 2023 hasta el mismo de este a\u00f1o.<\/p>\n<p>La estimaci\u00f3n inicial de la Oficina de Presupuesto del Congreso era que implicaba un impacto fiscal de $735.598 millones, equivalente al 0,14% del PBI. En caso de que en los gremios y dirigentes universitarios acuerden una paritaria con el Ejecutivo, un proceso que viene dilat\u00e1ndose desde el cambio de gesti\u00f3n, la ley estipula no aplicarse.<\/p>\n<p>La sanci\u00f3n dejar\u00e1 de estar vigente para el Ejercicio Fiscal del 2025, en donde comenzar\u00e1 a regir lo dispuesto en el proyecto de Presupuesto. Precisamente, uno de los debates m\u00e1s conflictivos se dar\u00e1 en torno al financiamiento educativo, principalmente por el art\u00edculo 27 del proyecto presupuestario que elimina el porcentaje m\u00ednimo de inversi\u00f3n que le corresponde a Sistema Nacional de Ciencia, de Educaci\u00f3n T\u00e9cnico Profesional y de Educaci\u00f3n Nacional.<\/p>\n<p>En el art\u00edculo 17 del proyecto de Presupuesto 2025 se abre otra controversia: se fija una suma en torno a los $3,8 billones para financiar &#8220;gastos de funcionamiento, inversi\u00f3n y programas especiales de las universidades nacionales&#8221;. La respuesta del Consejo Interuniversitario Nacional (CIN) lleg\u00f3 menos de 48 horas despu\u00e9s, exigiendo casi el doble: $7,2 billones. &#8220;Advertimos que hay una diferencia enorme y se explica, porque b\u00e1sicamente el Gobierno no contempla la recuperaci\u00f3n de los salarios&#8221;, indic\u00f3 en un comunicado V\u00edctor Mori\u00f1igo, presidente del organismo, y apunt\u00f3 que &#8220;no hay intenci\u00f3n cierta de recomponer los salarios docentes y no docentes para al menos igualar la situaci\u00f3n de p\u00e9rdida frente a la inflaci\u00f3n&#8221;.<\/p>\n","protected":false},"excerpt":{"rendered":"<p>El veto presidencial abri\u00f3 el escenario a un nuevo intento de la oposici\u00f3n de alcanzar los dos tercios en la C\u00e1mara de Diputados &nbsp; &nbsp; Apenas minutos despu\u00e9s de terminada la Marcha Federal Universitaria, Javier Milei ratific\u00f3 el veto a la ley de financiamiento que fortalece partidas para el funcionamiento educativo y los salarios docentes. En Diputados ya anticipaban la medida y se preparan para una sesi\u00f3n el mi\u00e9rcoles 9 de octubre a las 11 horas. La oposici\u00f3n comenz\u00f3 el proceso de captaci\u00f3n de votos y tienen mayor optimismo de&#8230;<\/p>\n","protected":false},"author":3,"featured_media":121061,"comment_status":"closed","ping_status":"closed","sticky":false,"template":"","format":"standard","meta":[],"categories":[18],"tags":[],"_links":{"self":[{"href":"https:\/\/www.actualidadadiario.com\/index.php\/wp-json\/wp\/v2\/posts\/121060"}],"collection":[{"href":"https:\/\/www.actualidadadiario.com\/index.php\/wp-json\/wp\/v2\/posts"}],"about":[{"href":"https:\/\/www.actualidadadiario.com\/index.php\/wp-json\/wp\/v2\/types\/post"}],"author":[{"embeddable":true,"href":"https:\/\/www.actualidadadiario.com\/index.php\/wp-json\/wp\/v2\/users\/3"}],"replies":[{"embeddable":true,"href":"https:\/\/www.actualidadadiario.com\/index.php\/wp-json\/wp\/v2\/comments?post=121060"}],"version-history":[{"count":1,"href":"https:\/\/www.actualidadadiario.com\/index.php\/wp-json\/wp\/v2\/posts\/121060\/revisions"}],"predecessor-version":[{"id":121062,"href":"https:\/\/www.actualidadadiario.com\/index.php\/wp-json\/wp\/v2\/posts\/121060\/revisions\/121062"}],"wp:featuredmedia":[{"embeddable":true,"href":"https:\/\/www.actualidadadiario.com\/index.php\/wp-json\/wp\/v2\/media\/121061"}],"wp:attachment":[{"href":"https:\/\/www.actualidadadiario.com\/index.php\/wp-json\/wp\/v2\/media?parent=121060"}],"wp:term":[{"taxonomy":"category","embeddable":true,"href":"https:\/\/www.actualidadadiario.com\/index.php\/wp-json\/wp\/v2\/categories?post=121060"},{"taxonomy":"post_tag","embeddable":true,"href":"https:\/\/www.actualidadadiario.com\/index.php\/wp-json\/wp\/v2\/tags?post=121060"}],"curies":[{"name":"wp","href":"https:\/\/api.w.org\/{rel}","templated":true}]}}