{"id":121058,"date":"2024-10-03T14:39:53","date_gmt":"2024-10-03T17:39:53","guid":{"rendered":"https:\/\/www.actualidadadiario.com\/?p=121058"},"modified":"2024-10-03T14:39:53","modified_gmt":"2024-10-03T17:39:53","slug":"francos-sobre-la-marcha-universitaria-se-vio-una-especie-de-tren-fantasma","status":"publish","type":"post","link":"https:\/\/www.actualidadadiario.com\/index.php\/2024\/10\/03\/francos-sobre-la-marcha-universitaria-se-vio-una-especie-de-tren-fantasma\/","title":{"rendered":"Francos, sobre la marcha universitaria: &#8220;Se vio una especie de tren fantasma&#8221;"},"content":{"rendered":"<p style=\"text-align: center;\"><em><strong>El jefe de Gabinete cuestion\u00f3 la presencia de referentes de la oposici\u00f3n en el marco de la movilizaci\u00f3n. &#8220;Si quieren insistir con el tema, la posici\u00f3n va a ser siempre la misma\u201d, sostuvo<\/strong><\/em><\/p>\n<p>&nbsp;<\/p>\n<p>&nbsp;<\/p>\n<p>El jefe de Gabinete, Guillermo Francos, cuestion\u00f3 la presencia de referentes de la oposici\u00f3n en el marco de la movilizaci\u00f3n universitaria que se realiz\u00f3 el mi\u00e9rcoles contra el veto a la ley de financiamiento educativo.<\/p>\n<p>\u201cSe vio una especie de tren fantasma, figuras pol\u00edticas responsables de los problemas de la educaci\u00f3n\u201d, sostuvo en declaraciones a La Red. En este marco, afirm\u00f3 que &#8220;al Gobierno no le preocupa perder puntos de imagen porque est\u00e1 convencido&#8221; del rumbo de la gesti\u00f3n.<\/p>\n<p>Pese a la masiva convocatoria que se vio en las calles, el funcionario remarc\u00f3 que el oficialismo no va &#8220;a admitir ning\u00fan gasto que no tenga financiamiento&#8221;. &#8220;Si quieren insistir con el tema, la posici\u00f3n va a ser siempre la misma\u201d, sostuvo.<\/p>\n<p>En la misma l\u00ednea, Francos se\u00f1al\u00f3: \u201cHay que ver qu\u00e9 opina la gente de que se haga aprovechamiento pol\u00edtico de esto\u201d.<\/p>\n<p>&nbsp;<\/p>\n<p><strong>Tras la masiva marcha, el Gobierno vet\u00f3 la ley de Financiamiento Universitario<\/strong><\/p>\n<p>Despu\u00e9s de la masiva marcha federal universitaria, el Gobierno public\u00f3 el veto a la ley de Financiamiento Universitario bajo el argumento de querer &#8220;da\u00f1ar al gobierno pol\u00edticamente&#8221; y al equilibrio fiscal, mediante la ampliaci\u00f3n de partidas presupuestarias no previstas. M\u00e1s temprano, en un comunicado, el Ejecutivo acus\u00f3 a referentes pol\u00edticos de la oposici\u00f3n que asistieron a la protesta de conformar &#8220;un nuevo frente de izquierda populista&#8221;.<\/p>\n<p>Mediante el decreto 879\/2024, el presidente Javier Milei avanz\u00f3 con el rechazo a la normativa sancionada por el Congreso, que apuntaba a incrementar el presupuesto del sector universitario y los salarios de los trabajadores docentes y no docentes. La medida era respaldada por una buena parte de la sociedad civil.<\/p>\n<p>El texto publicado en el Bolet\u00edn Oficial se\u00f1ala que &#8220;el proyecto de ley en an\u00e1lisis no pretende defender ni garantizar la protecci\u00f3n y el sostenimiento del financiamiento de las Universidades Nacionales, sino que procura da\u00f1ar al gobierno pol\u00edticamente&#8221;. Adem\u00e1s, denuncia que &#8220;es manifiestamente violatorio del marco jur\u00eddico vigente, en tanto no contempla el impacto fiscal de la medida ni tampoco determina la fuente de su financiamiento&#8221;.<\/p>\n<p>En otra parte del documento, el Gobierno justifica el veto para &#8220;limitar la discrecionalidad del Poder Legislativo Nacional que debe actuar con sensatez institucional, de forma responsable, cuidando de no emitir disposiciones cuya aplicaci\u00f3n sea inconveniente para las cuentas p\u00fablicas, o que contradigan la proyecci\u00f3n de ingresos y distribuci\u00f3n de gastos prevista en el Presupuesto Nacional&#8221;.<\/p>\n<p>&nbsp;<\/p>\n<p><strong>Los principales referentes de la oposici\u00f3n que participaron en la segunda marcha universitaria<\/strong><\/p>\n<p>Uno de los dirigentes que se sum\u00f3 a la movilizaci\u00f3n fue Horacio Rodr\u00edguez Larreta, quien le exigi\u00f3 al Gobierno que &#8220;escuche el mensaje&#8221; de la ciudadan\u00eda y &#8220;no avance&#8221; con el veto a la Ley de Financiamiento Universitario.<\/p>\n<p>Desde el Instituto Patria apareci\u00f3 Cristina Kirchner, que se expres\u00f3 contra el ya anunciado veto presidencial. \u201cMi viejo era trabajador, despu\u00e9s fue comerciante, siempre muy laburante, mi mam\u00e1 tambi\u00e9n. Y tuvo una hija abogada, otra m\u00e9dica, y bueno esa es la movilidad social ascendente&#8221;, manifest\u00f3 la ex presidenta.<\/p>\n<p>Otros de los referentes del peronismo presentes en la movilizaci\u00f3n frente al Congreso fueron Ricardo Quintela, Victoria Tolosa Paz, Mayra Mendoza, Eduardo &#8216;Wado&#8217; de Pedro, Mariano Recalde, Horacio Pietragalla y Luc\u00eda C\u00e1mpora.<\/p>\n<p>El ex candidato presidencial Sergio Massa tambi\u00e9n estuvo presente entre la multitud estudiantil, as\u00ed como tambi\u00e9n el dirigente Juan Grabois y Myriam Bregman.<\/p>\n<p>Adem\u00e1s de La C\u00e1mpora y las agrupaciones de izquierda, la presencia del radicalismo fue notable, con la participaci\u00f3n de Mart\u00edn Lousteau, Maximiliano Abad, Facundo Manes, Luis Naidenoff, Pablo Blanco, Mart\u00edn Ocampo y Emiliano Yacobitti, vicerrector de la Universidad de Buenos Aires (UBA).<\/p>\n","protected":false},"excerpt":{"rendered":"<p>El jefe de Gabinete cuestion\u00f3 la presencia de referentes de la oposici\u00f3n en el marco de la movilizaci\u00f3n. &#8220;Si quieren insistir con el tema, la posici\u00f3n va a ser siempre la misma\u201d, sostuvo &nbsp; &nbsp; El jefe de Gabinete, Guillermo Francos, cuestion\u00f3 la presencia de referentes de la oposici\u00f3n en el marco de la movilizaci\u00f3n universitaria que se realiz\u00f3 el mi\u00e9rcoles contra el veto a la ley de financiamiento educativo. \u201cSe vio una especie de tren fantasma, figuras pol\u00edticas responsables de los problemas de la educaci\u00f3n\u201d, sostuvo en declaraciones a&#8230;<\/p>\n","protected":false},"author":3,"featured_media":112223,"comment_status":"closed","ping_status":"closed","sticky":false,"template":"","format":"standard","meta":[],"categories":[18],"tags":[],"_links":{"self":[{"href":"https:\/\/www.actualidadadiario.com\/index.php\/wp-json\/wp\/v2\/posts\/121058"}],"collection":[{"href":"https:\/\/www.actualidadadiario.com\/index.php\/wp-json\/wp\/v2\/posts"}],"about":[{"href":"https:\/\/www.actualidadadiario.com\/index.php\/wp-json\/wp\/v2\/types\/post"}],"author":[{"embeddable":true,"href":"https:\/\/www.actualidadadiario.com\/index.php\/wp-json\/wp\/v2\/users\/3"}],"replies":[{"embeddable":true,"href":"https:\/\/www.actualidadadiario.com\/index.php\/wp-json\/wp\/v2\/comments?post=121058"}],"version-history":[{"count":1,"href":"https:\/\/www.actualidadadiario.com\/index.php\/wp-json\/wp\/v2\/posts\/121058\/revisions"}],"predecessor-version":[{"id":121059,"href":"https:\/\/www.actualidadadiario.com\/index.php\/wp-json\/wp\/v2\/posts\/121058\/revisions\/121059"}],"wp:featuredmedia":[{"embeddable":true,"href":"https:\/\/www.actualidadadiario.com\/index.php\/wp-json\/wp\/v2\/media\/112223"}],"wp:attachment":[{"href":"https:\/\/www.actualidadadiario.com\/index.php\/wp-json\/wp\/v2\/media?parent=121058"}],"wp:term":[{"taxonomy":"category","embeddable":true,"href":"https:\/\/www.actualidadadiario.com\/index.php\/wp-json\/wp\/v2\/categories?post=121058"},{"taxonomy":"post_tag","embeddable":true,"href":"https:\/\/www.actualidadadiario.com\/index.php\/wp-json\/wp\/v2\/tags?post=121058"}],"curies":[{"name":"wp","href":"https:\/\/api.w.org\/{rel}","templated":true}]}}