{"id":121052,"date":"2024-10-03T14:37:47","date_gmt":"2024-10-03T17:37:47","guid":{"rendered":"https:\/\/www.actualidadadiario.com\/?p=121052"},"modified":"2024-10-03T14:37:47","modified_gmt":"2024-10-03T17:37:47","slug":"el-posteo-de-milei-despues-de-la-marcha-universitaria","status":"publish","type":"post","link":"https:\/\/www.actualidadadiario.com\/index.php\/2024\/10\/03\/el-posteo-de-milei-despues-de-la-marcha-universitaria\/","title":{"rendered":"El posteo de Milei despu\u00e9s de la marcha universitaria"},"content":{"rendered":"<p style=\"text-align: center;\"><em><strong>El mandatario nacional consider\u00f3 que la causa es &#8220;noble&#8221;, pero tambi\u00e9n &#8220;una forma de ocultar la corrupci\u00f3n de los chorros de siempre&#8221;<\/strong><\/em><\/p>\n<p>&nbsp;<\/p>\n<p>&nbsp;<\/p>\n<p>Una vez m\u00e1s, el presidente Javier Milei, aceler\u00f3 en la curva, como se dice vulgarmente. Ante la marcha universitaria, no s\u00f3lo no modific\u00f3 sus planes de vetar el financiamiento sino que continu\u00f3 con su encendida cr\u00edtica a los manifestantes, no as\u00ed a la causa, en las redes sociales.<\/p>\n<p><em>\u201cSi para enfrentar a uno s\u00f3lo ten\u00e9s que juntarte con un mont\u00f3n de impresentables prostituyendo una causa noble\u201d,<\/em> comienza el tweet que poste\u00f3 Milei este mi\u00e9rcoles por la noche.<\/p>\n<p>En el posteo opina que en esta ocasi\u00f3n la <em>\u201ccausa noble\u201d,<\/em> es <em>\u201cuna forma de ocultar la corrupci\u00f3n de los chorros de siempre\u201d, \u201ceso es una may\u00fascula muestra de debilidad y cobard\u00eda\u201d<\/em> califica el presidente. Y cierra con una cl\u00e1sica frase del presidente y candidato presidencial estadounidense Donald Trump, aunque adaptada: <em>\u201cHaremos Argentina grande de nuevo\u201d.<\/em><\/p>\n<p>Aunque hay que advertir que esta vez la acelerada no fue tan grande como durante y luego de la primera marcha universitaria, a fines del mes de abril. En esa oportunidad incluso hab\u00eda publicado una imagen de un le\u00f3n con una tasa de caf\u00e9 en la que dec\u00eda l\u00e1grimas de zurdos. Esta vez, la velocidad no fue tan alta.<\/p>\n","protected":false},"excerpt":{"rendered":"<p>El mandatario nacional consider\u00f3 que la causa es &#8220;noble&#8221;, pero tambi\u00e9n &#8220;una forma de ocultar la corrupci\u00f3n de los chorros de siempre&#8221; &nbsp; &nbsp; Una vez m\u00e1s, el presidente Javier Milei, aceler\u00f3 en la curva, como se dice vulgarmente. Ante la marcha universitaria, no s\u00f3lo no modific\u00f3 sus planes de vetar el financiamiento sino que continu\u00f3 con su encendida cr\u00edtica a los manifestantes, no as\u00ed a la causa, en las redes sociales. \u201cSi para enfrentar a uno s\u00f3lo ten\u00e9s que juntarte con un mont\u00f3n de impresentables prostituyendo una causa noble\u201d,&#8230;<\/p>\n","protected":false},"author":3,"featured_media":121053,"comment_status":"closed","ping_status":"closed","sticky":false,"template":"","format":"standard","meta":[],"categories":[18],"tags":[],"_links":{"self":[{"href":"https:\/\/www.actualidadadiario.com\/index.php\/wp-json\/wp\/v2\/posts\/121052"}],"collection":[{"href":"https:\/\/www.actualidadadiario.com\/index.php\/wp-json\/wp\/v2\/posts"}],"about":[{"href":"https:\/\/www.actualidadadiario.com\/index.php\/wp-json\/wp\/v2\/types\/post"}],"author":[{"embeddable":true,"href":"https:\/\/www.actualidadadiario.com\/index.php\/wp-json\/wp\/v2\/users\/3"}],"replies":[{"embeddable":true,"href":"https:\/\/www.actualidadadiario.com\/index.php\/wp-json\/wp\/v2\/comments?post=121052"}],"version-history":[{"count":1,"href":"https:\/\/www.actualidadadiario.com\/index.php\/wp-json\/wp\/v2\/posts\/121052\/revisions"}],"predecessor-version":[{"id":121054,"href":"https:\/\/www.actualidadadiario.com\/index.php\/wp-json\/wp\/v2\/posts\/121052\/revisions\/121054"}],"wp:featuredmedia":[{"embeddable":true,"href":"https:\/\/www.actualidadadiario.com\/index.php\/wp-json\/wp\/v2\/media\/121053"}],"wp:attachment":[{"href":"https:\/\/www.actualidadadiario.com\/index.php\/wp-json\/wp\/v2\/media?parent=121052"}],"wp:term":[{"taxonomy":"category","embeddable":true,"href":"https:\/\/www.actualidadadiario.com\/index.php\/wp-json\/wp\/v2\/categories?post=121052"},{"taxonomy":"post_tag","embeddable":true,"href":"https:\/\/www.actualidadadiario.com\/index.php\/wp-json\/wp\/v2\/tags?post=121052"}],"curies":[{"name":"wp","href":"https:\/\/api.w.org\/{rel}","templated":true}]}}