{"id":121046,"date":"2024-10-03T11:04:55","date_gmt":"2024-10-03T14:04:55","guid":{"rendered":"https:\/\/www.actualidadadiario.com\/?p=121046"},"modified":"2024-10-03T11:04:55","modified_gmt":"2024-10-03T14:04:55","slug":"desaprobacion-del-gobierno-y-caida-en-la-imagen-de-milei-el-pesimismo-crece-en-argentina","status":"publish","type":"post","link":"https:\/\/www.actualidadadiario.com\/index.php\/2024\/10\/03\/desaprobacion-del-gobierno-y-caida-en-la-imagen-de-milei-el-pesimismo-crece-en-argentina\/","title":{"rendered":"Desaprobaci\u00f3n del gobierno y ca\u00edda en la imagen de Milei: el pesimismo crece en Argentina"},"content":{"rendered":"<p style=\"text-align: center;\"><em><strong>La desaprobaci\u00f3n del gobierno crece mientras la imagen de Milei se desploma, seg\u00fan un estudio que tambi\u00e9n revela el fuerte apoyo a Aerol\u00edneas y universidades<\/strong><\/em><\/p>\n<p>&nbsp;<\/p>\n<p>&nbsp;<\/p>\n<p>En un contexto de creciente incertidumbre econ\u00f3mica, la desaprobaci\u00f3n hacia el gobierno sigue en aumento. Seg\u00fan el \u00faltimo estudio de Analog\u00edas Consultora, realizado entre el 25 y el 28 de septiembre de 2024, el gobierno perdi\u00f3 dos puntos adicionales respecto de agosto, alcanzando un 48% de desaprobaci\u00f3n. A su vez, la percepci\u00f3n negativa sobre la gesti\u00f3n econ\u00f3mica se mantiene alta, con un 50% de los encuestados considerando que el manejo de la econom\u00eda es peor que la evaluaci\u00f3n global del gobierno.<\/p>\n<p>&nbsp;<\/p>\n<p><strong>El pesimismo domina la escena econ\u00f3mica<\/strong><\/p>\n<p>La encuesta destaca que las expectativas respecto a la situaci\u00f3n econ\u00f3mica actual se deterioraron tres puntos en comparaci\u00f3n con el mes anterior. Esto ha llevado a que un segmento que antes se manten\u00eda neutral ahora se incline hacia el pesimismo. Seg\u00fan el estudio, un 70% de los argentinos considera que su situaci\u00f3n econ\u00f3mica depende directamente de la evoluci\u00f3n econ\u00f3mica del pa\u00eds, lo que incrementa el temor a futuros ajustes.<\/p>\n<p>La principal preocupaci\u00f3n de los encuestados radica en el impacto del ajuste econ\u00f3mico, con un 60% que cree que el gobierno seguir\u00e1 aplicando medidas de austeridad \u201cmucho o bastante\u201d. En este sentido, se ha instalado la idea de que el ajuste ya no se limita a la esfera fiscal, sino que alcanza todas las dimensiones de la vida econ\u00f3mica y social del pa\u00eds.<\/p>\n<p>&nbsp;<\/p>\n<p><strong>La imagen de Milei sufre su primer rev\u00e9s<\/strong><\/p>\n<p>Uno de los datos m\u00e1s relevantes del estudio es la ca\u00edda en la imagen de Javier Milei. Por primera vez en lo que va del a\u00f1o, el l\u00edder libertario presenta un diferencial negativo de tres puntos, lo que refleja el desgaste en su popularidad. Esta ca\u00edda coincide con el aumento de las cr\u00edticas hacia su pol\u00edtica de ajustes econ\u00f3micos, especialmente entre los sectores m\u00e1s vulnerables de la sociedad.<\/p>\n<p>Hasta agosto, la mayor\u00eda de los encuestados culpaba al gobierno de Alberto Fern\u00e1ndez por la inflaci\u00f3n. Sin embargo, en septiembre, las opiniones comenzaron a dividirse entre el gobierno actual y el anterior, lo que sugiere que la gesti\u00f3n de Milei empieza a ser vista como corresponsable de la crisis econ\u00f3mica.<\/p>\n<p>&nbsp;<\/p>\n<p><strong>Aerol\u00edneas Argentinas y universidades p\u00fablicas: dos bastiones de apoyo popular<\/strong><\/p>\n<p>A pesar del clima de pesimismo, Aerol\u00edneas Argentinas y las universidades p\u00fablicas emergen como instituciones con amplio apoyo popular. Seg\u00fan la encuesta, la privatizaci\u00f3n de Aerol\u00edneas registra un rechazo neto del 50%, mientras que la ley de financiamiento de las universidades cuenta con un 59% de apoyo, a pesar de la promesa de Milei de vetarla.<\/p>\n<p>Marina Acosta, directora de Comunicaci\u00f3n de Analog\u00edas, explic\u00f3 que el rechazo a la privatizaci\u00f3n y el respaldo a las universidades \u201cno responde \u00fanicamente a cuestiones fiscales, sino que tienen un trasfondo simb\u00f3lico-pol\u00edtico y de intereses privados\u201d.<\/p>\n","protected":false},"excerpt":{"rendered":"<p>La desaprobaci\u00f3n del gobierno crece mientras la imagen de Milei se desploma, seg\u00fan un estudio que tambi\u00e9n revela el fuerte apoyo a Aerol\u00edneas y universidades &nbsp; &nbsp; En un contexto de creciente incertidumbre econ\u00f3mica, la desaprobaci\u00f3n hacia el gobierno sigue en aumento. Seg\u00fan el \u00faltimo estudio de Analog\u00edas Consultora, realizado entre el 25 y el 28 de septiembre de 2024, el gobierno perdi\u00f3 dos puntos adicionales respecto de agosto, alcanzando un 48% de desaprobaci\u00f3n. A su vez, la percepci\u00f3n negativa sobre la gesti\u00f3n econ\u00f3mica se mantiene alta, con un 50%&#8230;<\/p>\n","protected":false},"author":3,"featured_media":121047,"comment_status":"closed","ping_status":"closed","sticky":false,"template":"","format":"standard","meta":[],"categories":[9],"tags":[],"_links":{"self":[{"href":"https:\/\/www.actualidadadiario.com\/index.php\/wp-json\/wp\/v2\/posts\/121046"}],"collection":[{"href":"https:\/\/www.actualidadadiario.com\/index.php\/wp-json\/wp\/v2\/posts"}],"about":[{"href":"https:\/\/www.actualidadadiario.com\/index.php\/wp-json\/wp\/v2\/types\/post"}],"author":[{"embeddable":true,"href":"https:\/\/www.actualidadadiario.com\/index.php\/wp-json\/wp\/v2\/users\/3"}],"replies":[{"embeddable":true,"href":"https:\/\/www.actualidadadiario.com\/index.php\/wp-json\/wp\/v2\/comments?post=121046"}],"version-history":[{"count":1,"href":"https:\/\/www.actualidadadiario.com\/index.php\/wp-json\/wp\/v2\/posts\/121046\/revisions"}],"predecessor-version":[{"id":121048,"href":"https:\/\/www.actualidadadiario.com\/index.php\/wp-json\/wp\/v2\/posts\/121046\/revisions\/121048"}],"wp:featuredmedia":[{"embeddable":true,"href":"https:\/\/www.actualidadadiario.com\/index.php\/wp-json\/wp\/v2\/media\/121047"}],"wp:attachment":[{"href":"https:\/\/www.actualidadadiario.com\/index.php\/wp-json\/wp\/v2\/media?parent=121046"}],"wp:term":[{"taxonomy":"category","embeddable":true,"href":"https:\/\/www.actualidadadiario.com\/index.php\/wp-json\/wp\/v2\/categories?post=121046"},{"taxonomy":"post_tag","embeddable":true,"href":"https:\/\/www.actualidadadiario.com\/index.php\/wp-json\/wp\/v2\/tags?post=121046"}],"curies":[{"name":"wp","href":"https:\/\/api.w.org\/{rel}","templated":true}]}}