{"id":121024,"date":"2024-10-03T10:11:06","date_gmt":"2024-10-03T13:11:06","guid":{"rendered":"https:\/\/www.actualidadadiario.com\/?p=121024"},"modified":"2024-10-03T10:11:06","modified_gmt":"2024-10-03T13:11:06","slug":"autoridades-provinciales-estaran-hoy-en-chajari-para-lanzar-la-vacunacion-contra-el-dengue","status":"publish","type":"post","link":"https:\/\/www.actualidadadiario.com\/index.php\/2024\/10\/03\/autoridades-provinciales-estaran-hoy-en-chajari-para-lanzar-la-vacunacion-contra-el-dengue\/","title":{"rendered":"Autoridades provinciales estar\u00e1n hoy en Chajar\u00ed para lanzar la vacunaci\u00f3n contra el dengue"},"content":{"rendered":"<p style=\"text-align: center;\"><em><strong>Tal como se hab\u00eda anticipado, el departamento Federaci\u00f3n ser\u00e1 el primero en implementar la vacunaci\u00f3n contra el dengue en la provincia de Entre R\u00edos y el lanzamiento oficial de la campa\u00f1a se har\u00e1 este jueves en Chajar\u00ed. Llegar\u00e1n a la ciudad el director de Epidemiolog\u00eda, Diego Garcilazo y el jefe del Programa Ampliado de Inmunizaciones, Claudio Niz<\/strong><\/em><\/p>\n<p>&nbsp;<\/p>\n<p>&nbsp;<\/p>\n<p>Tras la formalidad del lanzamiento que tambi\u00e9n estar\u00e1 encabezado por el director del hospital Santa Rosa, doctor Daniel Ben\u00edtez, se realizar\u00e1 una capacitaci\u00f3n y actualizaci\u00f3n destinada a los referentes de vacuna de todo el departamento. Por tal motivo, ese d\u00eda no habr\u00e1 consultorio de vacunaci\u00f3n.<\/p>\n<p>A las 9, en el aula magna, las autoridades ofrecer\u00e1n una conferencia de prensa.<\/p>\n<p>Se proyectar\u00e1 la inoculaci\u00f3n, con dos dosis, para las personas comprendidas entre los 15 y 19 a\u00f1os. Los funcionarios traer\u00e1n los insumos y planillas para cumplimentar con los requisitos. La vacunaci\u00f3n se har\u00e1 en el nosocomio local y el hospital San Jos\u00e9 de Federaci\u00f3n.<\/p>\n","protected":false},"excerpt":{"rendered":"<p>Tal como se hab\u00eda anticipado, el departamento Federaci\u00f3n ser\u00e1 el primero en implementar la vacunaci\u00f3n contra el dengue en la provincia de Entre R\u00edos y el lanzamiento oficial de la campa\u00f1a se har\u00e1 este jueves en Chajar\u00ed. Llegar\u00e1n a la ciudad el director de Epidemiolog\u00eda, Diego Garcilazo y el jefe del Programa Ampliado de Inmunizaciones, Claudio Niz &nbsp; &nbsp; Tras la formalidad del lanzamiento que tambi\u00e9n estar\u00e1 encabezado por el director del hospital Santa Rosa, doctor Daniel Ben\u00edtez, se realizar\u00e1 una capacitaci\u00f3n y actualizaci\u00f3n destinada a los referentes de vacuna&#8230;<\/p>\n","protected":false},"author":3,"featured_media":67840,"comment_status":"closed","ping_status":"closed","sticky":false,"template":"","format":"standard","meta":[],"categories":[15],"tags":[],"_links":{"self":[{"href":"https:\/\/www.actualidadadiario.com\/index.php\/wp-json\/wp\/v2\/posts\/121024"}],"collection":[{"href":"https:\/\/www.actualidadadiario.com\/index.php\/wp-json\/wp\/v2\/posts"}],"about":[{"href":"https:\/\/www.actualidadadiario.com\/index.php\/wp-json\/wp\/v2\/types\/post"}],"author":[{"embeddable":true,"href":"https:\/\/www.actualidadadiario.com\/index.php\/wp-json\/wp\/v2\/users\/3"}],"replies":[{"embeddable":true,"href":"https:\/\/www.actualidadadiario.com\/index.php\/wp-json\/wp\/v2\/comments?post=121024"}],"version-history":[{"count":1,"href":"https:\/\/www.actualidadadiario.com\/index.php\/wp-json\/wp\/v2\/posts\/121024\/revisions"}],"predecessor-version":[{"id":121025,"href":"https:\/\/www.actualidadadiario.com\/index.php\/wp-json\/wp\/v2\/posts\/121024\/revisions\/121025"}],"wp:featuredmedia":[{"embeddable":true,"href":"https:\/\/www.actualidadadiario.com\/index.php\/wp-json\/wp\/v2\/media\/67840"}],"wp:attachment":[{"href":"https:\/\/www.actualidadadiario.com\/index.php\/wp-json\/wp\/v2\/media?parent=121024"}],"wp:term":[{"taxonomy":"category","embeddable":true,"href":"https:\/\/www.actualidadadiario.com\/index.php\/wp-json\/wp\/v2\/categories?post=121024"},{"taxonomy":"post_tag","embeddable":true,"href":"https:\/\/www.actualidadadiario.com\/index.php\/wp-json\/wp\/v2\/tags?post=121024"}],"curies":[{"name":"wp","href":"https:\/\/api.w.org\/{rel}","templated":true}]}}