{"id":121021,"date":"2024-10-03T10:10:28","date_gmt":"2024-10-03T13:10:28","guid":{"rendered":"https:\/\/www.actualidadadiario.com\/?p=121021"},"modified":"2024-10-03T10:10:28","modified_gmt":"2024-10-03T13:10:28","slug":"comenzo-la-obra-de-repavimentacion-y-mejoras-de-banquinas-en-los-accesos-al-tunel-subfluvial","status":"publish","type":"post","link":"https:\/\/www.actualidadadiario.com\/index.php\/2024\/10\/03\/comenzo-la-obra-de-repavimentacion-y-mejoras-de-banquinas-en-los-accesos-al-tunel-subfluvial\/","title":{"rendered":"Comenz\u00f3 la obra de repavimentaci\u00f3n y mejoras de banquinas en los accesos al t\u00fanel subfluvial"},"content":{"rendered":"<p style=\"text-align: center;\"><em><strong>Con una inversi\u00f3n superior a los 206.969.181 pesos, se puso en marcha en el T\u00fanel Subfluvial la obra de repavimentaci\u00f3n de la rampa de acceso al viaducto, del lado entrerriano, y la ejecuci\u00f3n de mejoras en el sector de banquinas, del lado santafesino<\/strong><\/em><\/p>\n<p>&nbsp;<\/p>\n<p>&nbsp;<\/p>\n<p>Con una inversi\u00f3n superior a los 206.969.181 pesos, se puso en marcha en el T\u00fanel Subfluvial la obra de repavimentaci\u00f3n de la rampa de acceso al viaducto, del lado entrerriano, y la ejecuci\u00f3n de mejoras en el sector de banquinas, del lado santafesino.<\/p>\n<p>Los trabajos, que se realizan en el marco del Plan de Obras, Puesta en Valor y Modernizaci\u00f3n que lleva adelante esa entidad biprovincial, est\u00e1n a cargo de la firma Jos\u00e9 Eleuterio Pit\u00f3n SA, y cuentan con un plazo de ejecuci\u00f3n de 60 d\u00edas a partir de su inicio.<\/p>\n<p>En este marco, los representantes de los gobiernos de Santa Fe y Entre R\u00edos en esa entidad biprovincial, Lisandro Nelson Villar y Eduardo L\u00f3pez Segura, respectivamente, se\u00f1alaron que la obra fue solicitada a la Comisi\u00f3n Administradora por los gobernadores Rogelio Frigerio de Entre R\u00edos y Maximiliano Pullaro de Santa Fe apenas asumieron la gesti\u00f3n.<\/p>\n<p>&#8220;Fue una preocupaci\u00f3n desde que comenzamos, porque la carpeta de la rampa se encontraba destruida, con ondulaciones y baches que incluso, podr\u00edan generar riesgos para los usuarios. Intentamos abordarla de inmediato, pero el t\u00fanel se encontraba desfinanciado, sin recursos ni posibilidades de llevarla adelante, por lo que s\u00f3lo pudimos hacer un trabajo de nivelaci\u00f3n con personal del ente&#8221;, especific\u00f3 Eduardo L\u00f3pez Segura, quien asegur\u00f3 que &#8220;est\u00e1bamos convencidos que a partir de una correcta administraci\u00f3n \u00edbamos a poder contar con los recursos para llevar adelante ese proyecto, as\u00ed que decidimos avanzar en su elaboraci\u00f3n y en esa instancia estamos, con la obra ya en marcha&#8221;.<\/p>\n<p>De acuerdo a la memoria descriptiva del proyecto, adem\u00e1s de la construcci\u00f3n de la nueva calzada, la intervenci\u00f3n contempla la construcci\u00f3n de 14 nuevos drenes y la demarcaci\u00f3n vial horizontal de los sectores de obra, como as\u00ed tambi\u00e9n la ejecuci\u00f3n de mejoras en el sector de banquinas, del lado santafesino.<\/p>\n<p>A efectos de posibilitar la circulaci\u00f3n vehicular este dispositivo pluvial se construir\u00e1 por mitades, realiz\u00e1ndose un empalme en su tramo medio. &#8220;En todo momento se tendr\u00e1 un carril habilitado a efectos de operar con tr\u00e1nsito alternado mientras se ejecuta la obra, que no podr\u00e1 exceder de las 5.30&#8221;, explicaron desde la entidad biprovincial.<\/p>\n","protected":false},"excerpt":{"rendered":"<p>Con una inversi\u00f3n superior a los 206.969.181 pesos, se puso en marcha en el T\u00fanel Subfluvial la obra de repavimentaci\u00f3n de la rampa de acceso al viaducto, del lado entrerriano, y la ejecuci\u00f3n de mejoras en el sector de banquinas, del lado santafesino &nbsp; &nbsp; Con una inversi\u00f3n superior a los 206.969.181 pesos, se puso en marcha en el T\u00fanel Subfluvial la obra de repavimentaci\u00f3n de la rampa de acceso al viaducto, del lado entrerriano, y la ejecuci\u00f3n de mejoras en el sector de banquinas, del lado santafesino. Los trabajos,&#8230;<\/p>\n","protected":false},"author":3,"featured_media":121022,"comment_status":"closed","ping_status":"closed","sticky":false,"template":"","format":"standard","meta":[],"categories":[15],"tags":[],"_links":{"self":[{"href":"https:\/\/www.actualidadadiario.com\/index.php\/wp-json\/wp\/v2\/posts\/121021"}],"collection":[{"href":"https:\/\/www.actualidadadiario.com\/index.php\/wp-json\/wp\/v2\/posts"}],"about":[{"href":"https:\/\/www.actualidadadiario.com\/index.php\/wp-json\/wp\/v2\/types\/post"}],"author":[{"embeddable":true,"href":"https:\/\/www.actualidadadiario.com\/index.php\/wp-json\/wp\/v2\/users\/3"}],"replies":[{"embeddable":true,"href":"https:\/\/www.actualidadadiario.com\/index.php\/wp-json\/wp\/v2\/comments?post=121021"}],"version-history":[{"count":1,"href":"https:\/\/www.actualidadadiario.com\/index.php\/wp-json\/wp\/v2\/posts\/121021\/revisions"}],"predecessor-version":[{"id":121023,"href":"https:\/\/www.actualidadadiario.com\/index.php\/wp-json\/wp\/v2\/posts\/121021\/revisions\/121023"}],"wp:featuredmedia":[{"embeddable":true,"href":"https:\/\/www.actualidadadiario.com\/index.php\/wp-json\/wp\/v2\/media\/121022"}],"wp:attachment":[{"href":"https:\/\/www.actualidadadiario.com\/index.php\/wp-json\/wp\/v2\/media?parent=121021"}],"wp:term":[{"taxonomy":"category","embeddable":true,"href":"https:\/\/www.actualidadadiario.com\/index.php\/wp-json\/wp\/v2\/categories?post=121021"},{"taxonomy":"post_tag","embeddable":true,"href":"https:\/\/www.actualidadadiario.com\/index.php\/wp-json\/wp\/v2\/tags?post=121021"}],"curies":[{"name":"wp","href":"https:\/\/api.w.org\/{rel}","templated":true}]}}