{"id":12102,"date":"2017-05-24T09:36:13","date_gmt":"2017-05-24T12:36:13","guid":{"rendered":"http:\/\/actualidadadiario.com\/site\/?p=12102"},"modified":"2017-05-24T09:36:13","modified_gmt":"2017-05-24T12:36:13","slug":"macri-asiste-a-la-asuncion-de-lenin-moreno-en-ecuador","status":"publish","type":"post","link":"https:\/\/www.actualidadadiario.com\/index.php\/2017\/05\/24\/macri-asiste-a-la-asuncion-de-lenin-moreno-en-ecuador\/","title":{"rendered":"Macri asiste a la asunci\u00f3n de Len\u00edn Moreno en Ecuador"},"content":{"rendered":"<p><em><strong>El presidente Mauricio Macri viaj\u00f3 a Ecuador para asistir en la ciudad de Quito a la ceremonia de asunci\u00f3n del presidente electo de ese pa\u00eds, Lenin Moreno<\/strong><\/em><\/p>\n<p>&nbsp;<\/p>\n<p>&nbsp;<\/p>\n<p>&nbsp;<\/p>\n<p>&nbsp;<\/p>\n<p>&nbsp;<\/p>\n<p>Macri viaj\u00f3 acompa\u00f1ado por la primera dama, Juliana Awada, y el vocero presidencial Iv\u00e1n Pavlovsky, con destino al aeropuerto internacional mariscal Sucre de Quito, donde ser\u00e1n recibidos por la canciller Susana Malcorra y el embajador argentino en Ecuador, Luis Juez.<\/p>\n<p>&nbsp;<\/p>\n<p>La asunci\u00f3n de Len\u00edn Moreno de Alianza PAIS, se realizar\u00e1 a partir de las 12 (hora argentina) en la Asamblea Nacional, donde por recibir\u00e1 el mando del jefe del Estado saliente Rafael Correa, en lo que ser\u00e1 la primera ceremonia donde por primera vez en la historia de ese pa\u00eds un mandatario transmite el mando a otro de la misma l\u00ednea pol\u00edtica.<\/p>\n<p>&nbsp;<\/p>\n<p>Tras asistir a un almuerzo en honor a los Jefes de Estado y delegaciones internacionales en el Palacio de Cristal, en Itchimbia, Macri participar\u00e1 en la residencia del embajador argentino en Ecuador de un encuentro informal de jefes de Estado y cancilleres de la Uni\u00f3n de Naciones Suramericanas (Unasur), integrada por Argentina, Bolivia, Brasil, Colombia, Chile, Ecuador, Guayana, Paraguay, Per\u00fa, Surinam, Uruguay y Venezuela.<\/p>\n<p>&nbsp;<\/p>\n<p>All\u00ed los mandatarios analizar\u00e1n la situaci\u00f3n de Venezuela y la crisis de Brasil y luego considerar\u00e1n la renovaci\u00f3n de las autoridades de ese organismo regional, cuya Presidencia pro tempore es ejercida sucesivamente por el representante de cada uno de los estados miembros en orden alfab\u00e9tico, por el per\u00edodo de un a\u00f1o.<\/p>\n<p>&nbsp;<\/p>\n<p>Antes de regresar a la Argentina, Macri recibir\u00e1 en la tarde ecuatoriana (las 21 hora argentina) las llaves del distrito metropolitano de Quito, por parte del alcalde de la capital ecuatoriana, Esteban Rodas Espinel.<\/p>\n<p>&nbsp;<\/p>\n<p>La ceremonia se realizar\u00e1 en el Centro Cultural &#8220;Benjam\u00edn Carri\u00f3n&#8221;, en el barrio La Mariscal de ese distrito metropolitano, con la asistencia de autoridades locales e invitados especiales.<\/p>\n","protected":false},"excerpt":{"rendered":"<p>El presidente Mauricio Macri viaj\u00f3 a Ecuador para asistir en la ciudad de Quito a la ceremonia de asunci\u00f3n del presidente electo de ese pa\u00eds, Lenin Moreno &nbsp; &nbsp; &nbsp; &nbsp; &nbsp; Macri viaj\u00f3 acompa\u00f1ado por la primera dama, Juliana Awada, y el vocero presidencial Iv\u00e1n Pavlovsky, con destino al aeropuerto internacional mariscal Sucre de Quito, donde ser\u00e1n recibidos por la canciller Susana Malcorra y el embajador argentino en Ecuador, Luis Juez. &nbsp; La asunci\u00f3n de Len\u00edn Moreno de Alianza PAIS, se realizar\u00e1 a partir de las 12 (hora argentina)&#8230;<\/p>\n","protected":false},"author":3,"featured_media":12103,"comment_status":"closed","ping_status":"closed","sticky":false,"template":"","format":"standard","meta":[],"categories":[18],"tags":[],"_links":{"self":[{"href":"https:\/\/www.actualidadadiario.com\/index.php\/wp-json\/wp\/v2\/posts\/12102"}],"collection":[{"href":"https:\/\/www.actualidadadiario.com\/index.php\/wp-json\/wp\/v2\/posts"}],"about":[{"href":"https:\/\/www.actualidadadiario.com\/index.php\/wp-json\/wp\/v2\/types\/post"}],"author":[{"embeddable":true,"href":"https:\/\/www.actualidadadiario.com\/index.php\/wp-json\/wp\/v2\/users\/3"}],"replies":[{"embeddable":true,"href":"https:\/\/www.actualidadadiario.com\/index.php\/wp-json\/wp\/v2\/comments?post=12102"}],"version-history":[{"count":1,"href":"https:\/\/www.actualidadadiario.com\/index.php\/wp-json\/wp\/v2\/posts\/12102\/revisions"}],"predecessor-version":[{"id":12104,"href":"https:\/\/www.actualidadadiario.com\/index.php\/wp-json\/wp\/v2\/posts\/12102\/revisions\/12104"}],"wp:featuredmedia":[{"embeddable":true,"href":"https:\/\/www.actualidadadiario.com\/index.php\/wp-json\/wp\/v2\/media\/12103"}],"wp:attachment":[{"href":"https:\/\/www.actualidadadiario.com\/index.php\/wp-json\/wp\/v2\/media?parent=12102"}],"wp:term":[{"taxonomy":"category","embeddable":true,"href":"https:\/\/www.actualidadadiario.com\/index.php\/wp-json\/wp\/v2\/categories?post=12102"},{"taxonomy":"post_tag","embeddable":true,"href":"https:\/\/www.actualidadadiario.com\/index.php\/wp-json\/wp\/v2\/tags?post=12102"}],"curies":[{"name":"wp","href":"https:\/\/api.w.org\/{rel}","templated":true}]}}