{"id":121018,"date":"2024-10-03T10:09:09","date_gmt":"2024-10-03T13:09:09","guid":{"rendered":"https:\/\/www.actualidadadiario.com\/?p=121018"},"modified":"2024-10-03T10:09:09","modified_gmt":"2024-10-03T13:09:09","slug":"entre-rios-tiene-otra-area-natural-protegida","status":"publish","type":"post","link":"https:\/\/www.actualidadadiario.com\/index.php\/2024\/10\/03\/entre-rios-tiene-otra-area-natural-protegida\/","title":{"rendered":"Entre R\u00edos tiene otra \u00e1rea natural protegida"},"content":{"rendered":"<p style=\"text-align: center;\"><em><strong>El Senado aprob\u00f3 dos proyectos tratados sobre tablas por el que se crea el Parque Natural \u201cIslas y Canales Verdes del R\u00edo Uruguay\u201d en el municipio de Colonia El\u00eda, Departamento Uruguay, compuesto por quince islas<\/strong><\/em><\/p>\n<p>&nbsp;<\/p>\n<p>&nbsp;<\/p>\n<p>El primero, por el que se autoriza al gobierno provincial a aceptar el ofrecimiento de donaci\u00f3n formulado por el Fideicomiso \u201cIslas y Canales Verdes del Rio Uruguay\u201d, de tres islas, destinadas para su conformaci\u00f3n; y el segundo, por el que se lo declara como \u00c1rea Natural Protegida de la provincia de Entre R\u00edos.<\/p>\n<p>&nbsp;<\/p>\n<p><strong>Segundo parque provincial<\/strong><\/p>\n<p>Al respecto, el senador Rafael Cavagna (Nogoy\u00e1 \u2013 \u201cJuntos Por Entre R\u00edos\u201d) expres\u00f3 su agradecimiento a los titulares del Fideicomiso por \u201ceste aporte que hacen al gobierno provincial que va a permitir que los entrerrianos tengamos el segundo parque provincial y con expectativas de que se convierta en el tercer parque nacional\u201d.<\/p>\n<p>Por su parte, la senadora y presidente de la Comisi\u00f3n de Ambiente y Desarrollo Sostenible, Gloria Cozzi (Concordia \u2013 Juntos Por Entre R\u00edos) extendi\u00f3 el agradecimiento Emiliano Ezcurra, director Ejecutivo de la Organizaci\u00f3n Gubernamental, Banco de Bosques; y Pablo Ace\u00f1aloza, director de \u00c1reas Naturales Protegidas de Entre R\u00edos, \u201cquienes nos dieron una rese\u00f1a de lo que va a ser el parque que vamos a tener justamente en nuestra provincia\u201d que va a incluir \u201ccasi 4.000 hect\u00e1reas de islas para los espacios verdes y \u00e1reas naturales\u201d.<\/p>\n<p>&nbsp;<\/p>\n<p><strong>Oliva destac\u00f3 gestiones de Bordet<\/strong><\/p>\n<p>Adem\u00e1s, el senador Mart\u00edn Oliva (Uruguay \u2013 M\u00e1s para Entre R\u00edos) remarc\u00f3 que esta es una acci\u00f3n resultante de gestiones realizadas entre la gesti\u00f3n de gobierno anterior de Gustavo Bordet y la actual encabezada por Rogelio Frigerio\u201d y que el bloque ha decidido acompa\u00f1ar esta iniciativa.<\/p>\n<p>\u201cEntendemos al ambiente como una acci\u00f3n prioritaria en la vida de una comunidad, que implique promover todo lo que tenga que ver con el desarrollo de la sustentabilidad, en este caso de un proyecto de un parque, de una reserva natural\u201d, destac\u00f3.<\/p>\n","protected":false},"excerpt":{"rendered":"<p>El Senado aprob\u00f3 dos proyectos tratados sobre tablas por el que se crea el Parque Natural \u201cIslas y Canales Verdes del R\u00edo Uruguay\u201d en el municipio de Colonia El\u00eda, Departamento Uruguay, compuesto por quince islas &nbsp; &nbsp; El primero, por el que se autoriza al gobierno provincial a aceptar el ofrecimiento de donaci\u00f3n formulado por el Fideicomiso \u201cIslas y Canales Verdes del Rio Uruguay\u201d, de tres islas, destinadas para su conformaci\u00f3n; y el segundo, por el que se lo declara como \u00c1rea Natural Protegida de la provincia de Entre R\u00edos&#8230;.<\/p>\n","protected":false},"author":3,"featured_media":121019,"comment_status":"closed","ping_status":"closed","sticky":false,"template":"","format":"standard","meta":[],"categories":[15],"tags":[],"_links":{"self":[{"href":"https:\/\/www.actualidadadiario.com\/index.php\/wp-json\/wp\/v2\/posts\/121018"}],"collection":[{"href":"https:\/\/www.actualidadadiario.com\/index.php\/wp-json\/wp\/v2\/posts"}],"about":[{"href":"https:\/\/www.actualidadadiario.com\/index.php\/wp-json\/wp\/v2\/types\/post"}],"author":[{"embeddable":true,"href":"https:\/\/www.actualidadadiario.com\/index.php\/wp-json\/wp\/v2\/users\/3"}],"replies":[{"embeddable":true,"href":"https:\/\/www.actualidadadiario.com\/index.php\/wp-json\/wp\/v2\/comments?post=121018"}],"version-history":[{"count":1,"href":"https:\/\/www.actualidadadiario.com\/index.php\/wp-json\/wp\/v2\/posts\/121018\/revisions"}],"predecessor-version":[{"id":121020,"href":"https:\/\/www.actualidadadiario.com\/index.php\/wp-json\/wp\/v2\/posts\/121018\/revisions\/121020"}],"wp:featuredmedia":[{"embeddable":true,"href":"https:\/\/www.actualidadadiario.com\/index.php\/wp-json\/wp\/v2\/media\/121019"}],"wp:attachment":[{"href":"https:\/\/www.actualidadadiario.com\/index.php\/wp-json\/wp\/v2\/media?parent=121018"}],"wp:term":[{"taxonomy":"category","embeddable":true,"href":"https:\/\/www.actualidadadiario.com\/index.php\/wp-json\/wp\/v2\/categories?post=121018"},{"taxonomy":"post_tag","embeddable":true,"href":"https:\/\/www.actualidadadiario.com\/index.php\/wp-json\/wp\/v2\/tags?post=121018"}],"curies":[{"name":"wp","href":"https:\/\/api.w.org\/{rel}","templated":true}]}}