{"id":121016,"date":"2024-10-03T10:07:12","date_gmt":"2024-10-03T13:07:12","guid":{"rendered":"https:\/\/www.actualidadadiario.com\/?p=121016"},"modified":"2024-10-03T10:07:12","modified_gmt":"2024-10-03T13:07:12","slug":"aseguran-que-en-entre-rios-hay-un-30-por-ciento-de-repitencia-escolar","status":"publish","type":"post","link":"https:\/\/www.actualidadadiario.com\/index.php\/2024\/10\/03\/aseguran-que-en-entre-rios-hay-un-30-por-ciento-de-repitencia-escolar\/","title":{"rendered":"Aseguran que en Entre R\u00edos hay un 30 por ciento de repitencia escolar"},"content":{"rendered":"<p style=\"text-align: center;\"><em><strong>La presidenta del Consejo de Educaci\u00f3n sostuvo que en primer a\u00f1o de la secundaria hay un 40% de sobre edad y que las suplencias docentes, que la Ley de Presupuesto fija en 8%, alcanzan el 20%. Afirm\u00f3 que en primaria, llega a haber 7 maestros en un a\u00f1o en el mismo curso<\/strong><\/em><\/p>\n<p>&nbsp;<\/p>\n<p>&nbsp;<\/p>\n<p>El gobernador Rogelio Frigerio habl\u00f3 de una evaluaci\u00f3n que se hizo sobre el impacto del plan Aleer, que busca alfabetizar en lectoescritura en los primeros a\u00f1os de la escuela primaria. Dijo que \u201clos resultados no son buenos. Nos tienen que llenar de preocupaci\u00f3n y nos tienen que motivar m\u00e1s que nunca a ocuparnos en resolver el drama de la ca\u00edda estrepitosa de la calidad de la educaci\u00f3n en nuestro pa\u00eds, en la regi\u00f3n y en nuestra provincia\u201d.<\/p>\n<p>\u201cB\u00e1sicamente, el 80% de los evaluados, alumnos de segundo grado, leen con dificultad, no entienden lo que leen, leen lentamente, palabra por palabra. Esa es la realidad que tenemos hoy, muy distinta incluso la realidad que hab\u00eda en nuestra provincia un siglo atr\u00e1s\u201d, enumer\u00f3.<\/p>\n<p>En ese marco, endilg\u00f3 la responsabilidad \u201cno s\u00f3lo a la dirigencia pol\u00edtica, sino tambi\u00e9n a la dirigencia gremial. Durante muchos a\u00f1os en nuestra provincia la responsabilidad de las decisiones sobre la educaci\u00f3n fue delegada a los gremios, deslig\u00e1ndose el gobierno as\u00ed de la responsabilidad sobre uno de los principales bienes p\u00fablicos de nuestra sociedad\u201d, expres\u00f3.<\/p>\n<p>&nbsp;<\/p>\n<p><strong>Sobre edad en Secundaria y repitencia<\/strong><\/p>\n<p>La presidenta del Consejo General de Educaci\u00f3n (CGE), Alicia Fregonese, sostuvo que \u201ctenemos otro gran desaf\u00edo en secundaria. Estamos viendo los n\u00fameros del nivel de sobre edad, que llega al 40%\u201d.<\/p>\n<p>Resalt\u00f3 que \u201ces un porcentaje muy alto que nos debe preocupar y ocupar. La situaci\u00f3n salarial, la situaci\u00f3n edilicia, la situaci\u00f3n del sistema educativo es compleja. Pero es algo que abordamos todos los d\u00edas y hacemos un esfuerzo enorme para mejorar la situaci\u00f3n que heredamos. Y esto necesita la responsabilidad de toda la dirigencia, no solo del Gobierno\u201d, sostuvo.<\/p>\n<p>Ampli\u00f3 que en primer a\u00f1o de la secundaria hay un 40% de sobre edad, que la repitencia promedia el 30% y que las suplencias docentes, que la Ley de Presupuesto fija que debe rondar el 8%, alcanzan un \u00edndice del 20%.<\/p>\n<p>&nbsp;<\/p>\n<p><strong>\u201cEn primaria, llega a haber 7 docentes por a\u00f1o\u201d<\/strong><\/p>\n<p>\u201cEstamos trabajando fuertemente para bajar ese promedio. Hay mucha movilidad docente y eso repercute en los aprendizajes. En la calidad de los aprendizajes influye el cambio de los docentes durante el a\u00f1o. En primaria, llega a haber 7 docentes por a\u00f1o. Y eso no genera un v\u00ednculo entre estudiantes y docente, algo tan importante en la escuela\u201d, afirm\u00f3 la funcionaria en el programa radial Puro Cuento.<\/p>\n<p>Ante la certeza de que repiten 3 de cada 10 estudiantes, \u201cse est\u00e1 trabajando fuertemente con una herramienta como es el plan de alerta temprana. Y con un proyecto de red de escuelas que transforman, que se lleva adelante en 200 escuelas. Tambi\u00e9n con un fuerte acompa\u00f1amiento al docente y a equipos directivos para generar una comunidad de aprendizaje, y una permanente capacitaci\u00f3n en Lengua y Matem\u00e1tica, materias que consideramos nodales\u201d, complet\u00f3 Fregonese.<\/p>\n","protected":false},"excerpt":{"rendered":"<p>La presidenta del Consejo de Educaci\u00f3n sostuvo que en primer a\u00f1o de la secundaria hay un 40% de sobre edad y que las suplencias docentes, que la Ley de Presupuesto fija en 8%, alcanzan el 20%. Afirm\u00f3 que en primaria, llega a haber 7 maestros en un a\u00f1o en el mismo curso &nbsp; &nbsp; El gobernador Rogelio Frigerio habl\u00f3 de una evaluaci\u00f3n que se hizo sobre el impacto del plan Aleer, que busca alfabetizar en lectoescritura en los primeros a\u00f1os de la escuela primaria. Dijo que \u201clos resultados no son&#8230;<\/p>\n","protected":false},"author":3,"featured_media":82943,"comment_status":"closed","ping_status":"closed","sticky":false,"template":"","format":"standard","meta":[],"categories":[15],"tags":[],"_links":{"self":[{"href":"https:\/\/www.actualidadadiario.com\/index.php\/wp-json\/wp\/v2\/posts\/121016"}],"collection":[{"href":"https:\/\/www.actualidadadiario.com\/index.php\/wp-json\/wp\/v2\/posts"}],"about":[{"href":"https:\/\/www.actualidadadiario.com\/index.php\/wp-json\/wp\/v2\/types\/post"}],"author":[{"embeddable":true,"href":"https:\/\/www.actualidadadiario.com\/index.php\/wp-json\/wp\/v2\/users\/3"}],"replies":[{"embeddable":true,"href":"https:\/\/www.actualidadadiario.com\/index.php\/wp-json\/wp\/v2\/comments?post=121016"}],"version-history":[{"count":1,"href":"https:\/\/www.actualidadadiario.com\/index.php\/wp-json\/wp\/v2\/posts\/121016\/revisions"}],"predecessor-version":[{"id":121017,"href":"https:\/\/www.actualidadadiario.com\/index.php\/wp-json\/wp\/v2\/posts\/121016\/revisions\/121017"}],"wp:featuredmedia":[{"embeddable":true,"href":"https:\/\/www.actualidadadiario.com\/index.php\/wp-json\/wp\/v2\/media\/82943"}],"wp:attachment":[{"href":"https:\/\/www.actualidadadiario.com\/index.php\/wp-json\/wp\/v2\/media?parent=121016"}],"wp:term":[{"taxonomy":"category","embeddable":true,"href":"https:\/\/www.actualidadadiario.com\/index.php\/wp-json\/wp\/v2\/categories?post=121016"},{"taxonomy":"post_tag","embeddable":true,"href":"https:\/\/www.actualidadadiario.com\/index.php\/wp-json\/wp\/v2\/tags?post=121016"}],"curies":[{"name":"wp","href":"https:\/\/api.w.org\/{rel}","templated":true}]}}