{"id":121003,"date":"2024-10-02T14:33:49","date_gmt":"2024-10-02T17:33:49","guid":{"rendered":"https:\/\/www.actualidadadiario.com\/?p=121003"},"modified":"2024-10-02T14:33:49","modified_gmt":"2024-10-02T17:33:49","slug":"en-la-previa-a-la-marcha-universitaria-el-gobierno-reafirma-el-veto-y-busca-los-votos-para-sostenerlo","status":"publish","type":"post","link":"https:\/\/www.actualidadadiario.com\/index.php\/2024\/10\/02\/en-la-previa-a-la-marcha-universitaria-el-gobierno-reafirma-el-veto-y-busca-los-votos-para-sostenerlo\/","title":{"rendered":"En la previa a la marcha universitaria, el Gobierno reafirma el veto y busca los votos para sostenerlo"},"content":{"rendered":"<p style=\"text-align: center;\"><em><strong>En Casa Rosada aseguran que a\u00fan no est\u00e1n las voluntades necesarias, pero trabajan en conquistarlas. Aseguran que se trata de un reclamo leg\u00edtimo, y redireccionan la mira al plantear que el &#8220;problema es con el Congreso&#8221;<\/strong><\/em><\/p>\n<p>&nbsp;<\/p>\n<p>&nbsp;<\/p>\n<p>A horas de la marcha universitaria por mejoras salariales, en el Gobierno nacional admiten que se trata de un reclamo leg\u00edtimo, pero argumentan no tener los fondos para sustentarlo, por lo que avanzar\u00e1n con la voluntad de vetar la Ley de Financiamiento Universitario, pese a que a\u00fan no est\u00e9n los votos para respaldarlo.<\/p>\n<p>\u201cEl problema no es con las universidades, es con el Congreso\u201d, plante\u00f3 una alta fuente libertaria que direccion\u00f3 los dardos contra los diputados opositores por votar proyectos \u201csin sustento financiero\u201d.<\/p>\n<p>En el Poder Ejecutivo se esperanza con volver a contar con el respaldo de los 87 \u201ch\u00e9roes\u201d que hasta el momento se mantienen en silencio, si la oposici\u00f3n insiste con la ley, y descansan en la mu\u00f1eca del titular de la C\u00e1mara de Diputados, Martin Menem, dedicado a la tarea de sumar voluntades que no aparecen.<\/p>\n<p>Enciende las alarmas la actitud del PRO que, pese al asado en la quinta de Olivos y las continuas mesas de trabajo con representantes del Poder Ejecutivo y legisladores de La Libertad Avanza, no ha expresado su compromiso de acompa\u00f1ar la decisi\u00f3n del presidente Javier Milei como sucedi\u00f3 con la actualizaci\u00f3n de jubilaciones.<\/p>\n<p>\u201cConfiamos en que el PRO pueda actuar org\u00e1nicamente. Tanto el presidente del partido como el jefe de bloque\u201d, revelaron ante esta agencia fuentes legislativas en alusi\u00f3n al expresidente Mauricio Macri y a Cristian Ritondo.<\/p>\n<p>En Balcarce 50 piensan igual: \u201cSi no apoya el PRO ser\u00eda un acto de mezquindad fuerte. El Presidente se hizo presidente votando cosas impopulares\u201d, se jactaron en la previa a la masiva protesta que tendr\u00e1 lugar esta tarde en las inmediaciones del Congreso.<\/p>\n<p>Desde el partido amarrillo aclaran que contin\u00faan debatiendo la posici\u00f3n, y adelantan que \u201chasta que no haya veto no har\u00e1n p\u00fablica su decisi\u00f3n\u201d. Lo cierto es que el mandatario tiene en mente publicar el rechazo de la Ley de Financiamiento Universitario -que afectar\u00eda tan solo al 0,14% del PBI- en el Bolet\u00edn Oficial del jueves, para evitar cualquier lectura pol\u00edtica de su determinaci\u00f3n.<\/p>\n<p>\u201cNo quer\u00edamos hacer nada que pareciera que busc\u00e1bamos incentivar un conflicto\u201d, argumentaron por los pasillos de Casa Rosada respecto a la decisi\u00f3n de avanzar con el veto sobre la fecha l\u00edmite, una vez cumplidos los 10 d\u00edas h\u00e1biles desde que el proyecto fue enviado al Poder Ejecutivo.<\/p>\n<p>Para Milei, el equilibrio fiscal es innegociable, y si bien desde su entorno admiten que se trata de un reclamo leg\u00edtimo, plantean que la actualizaci\u00f3n de los fondos debe discutirse en el Congreso, en el marco del debate del Presupuesto 2025.<\/p>\n<p>En la mesa chica libertaria se anticipan a todos los escenarios y la posibilidad de rechazo del veto es una opci\u00f3n de no conseguir los votos necesarios. \u201cLa plata de alg\u00fan lado tendr\u00e1 que salir&#8221;, vaticinan en caso de que el Congreso le d\u00e9 la espalda a la voluntad del jefe de Estado.<\/p>\n<p>Entre las opciones, se eval\u00faa profundizar el recorte de la ya afectada obra p\u00fablica, y avanzar en un escenario de judicializaci\u00f3n para apelar la decisi\u00f3n. \u201cSi la pol\u00edtica considera que hay que desfinanciar la Salud, Defensa, Justicia est\u00e1 bien, pero que lo aclaren\u201d, plante\u00f3 un importante funcionario al respecto.<\/p>\n<p>El programa libertario se inclina por un sistema de \u201ceducaci\u00f3n privada&#8221; y &#8220;no estatal\u201d, pero hay plena consciencia de las \u201crestricciones constitucionales\u201d que eso implicar\u00eda. Como primera parada, el Gobierno deber\u00e1 hacer frente a una nueva movilizaci\u00f3n que promete ser masiva y salir airosos.<\/p>\n","protected":false},"excerpt":{"rendered":"<p>En Casa Rosada aseguran que a\u00fan no est\u00e1n las voluntades necesarias, pero trabajan en conquistarlas. Aseguran que se trata de un reclamo leg\u00edtimo, y redireccionan la mira al plantear que el &#8220;problema es con el Congreso&#8221; &nbsp; &nbsp; A horas de la marcha universitaria por mejoras salariales, en el Gobierno nacional admiten que se trata de un reclamo leg\u00edtimo, pero argumentan no tener los fondos para sustentarlo, por lo que avanzar\u00e1n con la voluntad de vetar la Ley de Financiamiento Universitario, pese a que a\u00fan no est\u00e9n los votos para&#8230;<\/p>\n","protected":false},"author":3,"featured_media":118286,"comment_status":"closed","ping_status":"closed","sticky":false,"template":"","format":"standard","meta":[],"categories":[9],"tags":[],"_links":{"self":[{"href":"https:\/\/www.actualidadadiario.com\/index.php\/wp-json\/wp\/v2\/posts\/121003"}],"collection":[{"href":"https:\/\/www.actualidadadiario.com\/index.php\/wp-json\/wp\/v2\/posts"}],"about":[{"href":"https:\/\/www.actualidadadiario.com\/index.php\/wp-json\/wp\/v2\/types\/post"}],"author":[{"embeddable":true,"href":"https:\/\/www.actualidadadiario.com\/index.php\/wp-json\/wp\/v2\/users\/3"}],"replies":[{"embeddable":true,"href":"https:\/\/www.actualidadadiario.com\/index.php\/wp-json\/wp\/v2\/comments?post=121003"}],"version-history":[{"count":1,"href":"https:\/\/www.actualidadadiario.com\/index.php\/wp-json\/wp\/v2\/posts\/121003\/revisions"}],"predecessor-version":[{"id":121004,"href":"https:\/\/www.actualidadadiario.com\/index.php\/wp-json\/wp\/v2\/posts\/121003\/revisions\/121004"}],"wp:featuredmedia":[{"embeddable":true,"href":"https:\/\/www.actualidadadiario.com\/index.php\/wp-json\/wp\/v2\/media\/118286"}],"wp:attachment":[{"href":"https:\/\/www.actualidadadiario.com\/index.php\/wp-json\/wp\/v2\/media?parent=121003"}],"wp:term":[{"taxonomy":"category","embeddable":true,"href":"https:\/\/www.actualidadadiario.com\/index.php\/wp-json\/wp\/v2\/categories?post=121003"},{"taxonomy":"post_tag","embeddable":true,"href":"https:\/\/www.actualidadadiario.com\/index.php\/wp-json\/wp\/v2\/tags?post=121003"}],"curies":[{"name":"wp","href":"https:\/\/api.w.org\/{rel}","templated":true}]}}