{"id":121001,"date":"2024-10-02T14:33:05","date_gmt":"2024-10-02T17:33:05","guid":{"rendered":"https:\/\/www.actualidadadiario.com\/?p=121001"},"modified":"2024-10-02T14:33:05","modified_gmt":"2024-10-02T17:33:05","slug":"con-un-dnu-el-gobierno-abrio-el-camino-para-la-privatizacion-de-aerolineas-argentinas","status":"publish","type":"post","link":"https:\/\/www.actualidadadiario.com\/index.php\/2024\/10\/02\/con-un-dnu-el-gobierno-abrio-el-camino-para-la-privatizacion-de-aerolineas-argentinas\/","title":{"rendered":"Con un DNU, el Gobierno abri\u00f3 el camino para la privatizaci\u00f3n de Aerol\u00edneas Argentinas"},"content":{"rendered":"<p style=\"text-align: center;\"><em><strong>El decreto dispuso la privatizaci\u00f3n, que deber\u00e1 pasar por el Congreso<\/strong><\/em><\/p>\n<p>&nbsp;<\/p>\n<p>&nbsp;<\/p>\n<p>El Gobierno Nacional dispuso la privatizaci\u00f3n de Aerol\u00edneas Argentinas, a trav\u00e9s del Decreto 873\/2024 argumentando que la situaci\u00f3n financiera de la empresa es insostenible. De esta manera, se hace efectivo el primer paso concreto de Javier Milei en el entramado de la privatizaci\u00f3n de la aerol\u00ednea de bandera.<\/p>\n<p>El decreto, basado en la Ley N\u00b0 23.696, menciona que la estructura descentralizada heredada por la actual gesti\u00f3n incluye m\u00e1s de 60 empresas estatales y sostiene que Aerol\u00edneas ha registrado p\u00e9rdidas recurrentes, cubiertas solo con fondos p\u00fablicos.<\/p>\n<p>La norma indica que desde su reestatizaci\u00f3n en 2008, la compa\u00f1\u00eda recibi\u00f3 aportes del Tesoro Nacional por aproximadamente 8.000 millones de d\u00f3lares.<\/p>\n<p>Entre los motivos de la privatizaci\u00f3n, se menciona la necesidad de adecuar la gesti\u00f3n de la empresa a los est\u00e1ndares del mercado global, se\u00f1alando ejemplos como Air Canad\u00e1, Qantas y Lufthansa, que no cuentan con una participaci\u00f3n significativa del Estado.<\/p>\n<p>Adem\u00e1s, se subraya que, en un contexto de alta pobreza y crisis econ\u00f3mica, los limitados recursos fiscales deben destinarse a atender a los sectores m\u00e1s vulnerables.<\/p>\n<p>El proceso de privatizaci\u00f3n se enmarca en los mecanismos previstos por la Ley N\u00b0 23.696, que contempla la venta de activos o acciones de la empresa. Seg\u00fan el decreto, se busca que Aerol\u00edneas opere bajo criterios de eficiencia comercial, reduciendo la carga financiera sobre el Estado y promoviendo la competencia en el sector a\u00e9reo.<\/p>\n","protected":false},"excerpt":{"rendered":"<p>El decreto dispuso la privatizaci\u00f3n, que deber\u00e1 pasar por el Congreso &nbsp; &nbsp; El Gobierno Nacional dispuso la privatizaci\u00f3n de Aerol\u00edneas Argentinas, a trav\u00e9s del Decreto 873\/2024 argumentando que la situaci\u00f3n financiera de la empresa es insostenible. De esta manera, se hace efectivo el primer paso concreto de Javier Milei en el entramado de la privatizaci\u00f3n de la aerol\u00ednea de bandera. El decreto, basado en la Ley N\u00b0 23.696, menciona que la estructura descentralizada heredada por la actual gesti\u00f3n incluye m\u00e1s de 60 empresas estatales y sostiene que Aerol\u00edneas ha&#8230;<\/p>\n","protected":false},"author":3,"featured_media":83676,"comment_status":"closed","ping_status":"closed","sticky":false,"template":"","format":"standard","meta":[],"categories":[18],"tags":[],"_links":{"self":[{"href":"https:\/\/www.actualidadadiario.com\/index.php\/wp-json\/wp\/v2\/posts\/121001"}],"collection":[{"href":"https:\/\/www.actualidadadiario.com\/index.php\/wp-json\/wp\/v2\/posts"}],"about":[{"href":"https:\/\/www.actualidadadiario.com\/index.php\/wp-json\/wp\/v2\/types\/post"}],"author":[{"embeddable":true,"href":"https:\/\/www.actualidadadiario.com\/index.php\/wp-json\/wp\/v2\/users\/3"}],"replies":[{"embeddable":true,"href":"https:\/\/www.actualidadadiario.com\/index.php\/wp-json\/wp\/v2\/comments?post=121001"}],"version-history":[{"count":1,"href":"https:\/\/www.actualidadadiario.com\/index.php\/wp-json\/wp\/v2\/posts\/121001\/revisions"}],"predecessor-version":[{"id":121002,"href":"https:\/\/www.actualidadadiario.com\/index.php\/wp-json\/wp\/v2\/posts\/121001\/revisions\/121002"}],"wp:featuredmedia":[{"embeddable":true,"href":"https:\/\/www.actualidadadiario.com\/index.php\/wp-json\/wp\/v2\/media\/83676"}],"wp:attachment":[{"href":"https:\/\/www.actualidadadiario.com\/index.php\/wp-json\/wp\/v2\/media?parent=121001"}],"wp:term":[{"taxonomy":"category","embeddable":true,"href":"https:\/\/www.actualidadadiario.com\/index.php\/wp-json\/wp\/v2\/categories?post=121001"},{"taxonomy":"post_tag","embeddable":true,"href":"https:\/\/www.actualidadadiario.com\/index.php\/wp-json\/wp\/v2\/tags?post=121001"}],"curies":[{"name":"wp","href":"https:\/\/api.w.org\/{rel}","templated":true}]}}