{"id":120994,"date":"2024-10-02T13:41:14","date_gmt":"2024-10-02T16:41:14","guid":{"rendered":"https:\/\/www.actualidadadiario.com\/?p=120994"},"modified":"2024-10-02T13:41:14","modified_gmt":"2024-10-02T16:41:14","slug":"confirman-un-nuevo-feriado-en-octubre-cuando-es","status":"publish","type":"post","link":"https:\/\/www.actualidadadiario.com\/index.php\/2024\/10\/02\/confirman-un-nuevo-feriado-en-octubre-cuando-es\/","title":{"rendered":"Confirman un nuevo feriado en octubre: cu\u00e1ndo es"},"content":{"rendered":"<p style=\"text-align: center;\"><em><strong>El Gobierno sum\u00f3 un feriado tur\u00edstico en octubre y habr\u00e1 un fin de semana largo<\/strong><\/em><\/p>\n<p>&nbsp;<\/p>\n<p>&nbsp;<\/p>\n<p>&nbsp;<\/p>\n<p>La decisi\u00f3n de implementar m\u00e1s d\u00edas de descanso contribuye con el esparcimiento y la actividad econ\u00f3mica. Por eso, el Gobierno confirm\u00f3 un nuevo feriado en octubre, que se suma al Nuevo A\u00f1o Jud\u00edo y al D\u00eda de Respeto a la Diversidad Cultural.<\/p>\n<p>El nuevo feriado crea un fin de semana largo de tres d\u00edas. El viernes 11 de octubre de este a\u00f1o fue decretado como un &#8220;feriado con fines tur\u00edsticos&#8221;, por lo que dicha jornada es no laborable en Argentina.<\/p>\n<p>Tras la decisi\u00f3n del Gobierno, el viernes 11 es &#8220;puente&#8221;, el s\u00e1bado 12 es el feriado nacional por el D\u00eda del Respeto a la Diversidad Cultural y el domingo 13 es un d\u00eda no laborable.<\/p>\n<p>El pr\u00f3ximo fin de semana de tres d\u00edas es desde el s\u00e1bado 16 de noviembre al lunes 18, por el D\u00eda de la Soberan\u00eda Nacional, que se celebra todos los 20 de noviembre.<\/p>\n<p>&nbsp;<\/p>\n<p><strong>Por qu\u00e9 D\u00eda de Respeto a la Diversidad Cultural y no D\u00eda de la Raza<\/strong><\/p>\n<p>El D\u00eda del Respeto a la Diversidad Cultural se conmemora el 12 de octubre en varios pa\u00edses de Am\u00e9rica Latina por la llegada de los espa\u00f1oles al continente en 1492. Aquel momento fue crucial para la historia de los pueblos originarios en la regi\u00f3n.<\/p>\n<p>La intenci\u00f3n del feriado es el de promover el respeto y la valoraci\u00f3n de la diversidad cultural, adem\u00e1s de fomentar la reflexi\u00f3n sobre la historia y las culturas de los pueblos originarios.<\/p>\n<p>En lugar de celebrar el &#8220;D\u00eda de la Raza&#8221;, que se centraba en la mezcla de culturas, el D\u00eda del Respeto a la Diversidad Cultural enfatiza en la importancia de reconocer y respetar las diferentes identidades culturales y promover la convivencia pac\u00edfica entre ellas.<\/p>\n","protected":false},"excerpt":{"rendered":"<p>El Gobierno sum\u00f3 un feriado tur\u00edstico en octubre y habr\u00e1 un fin de semana largo &nbsp; &nbsp; &nbsp; La decisi\u00f3n de implementar m\u00e1s d\u00edas de descanso contribuye con el esparcimiento y la actividad econ\u00f3mica. Por eso, el Gobierno confirm\u00f3 un nuevo feriado en octubre, que se suma al Nuevo A\u00f1o Jud\u00edo y al D\u00eda de Respeto a la Diversidad Cultural. El nuevo feriado crea un fin de semana largo de tres d\u00edas. El viernes 11 de octubre de este a\u00f1o fue decretado como un &#8220;feriado con fines tur\u00edsticos&#8221;, por lo&#8230;<\/p>\n","protected":false},"author":3,"featured_media":114873,"comment_status":"closed","ping_status":"closed","sticky":false,"template":"","format":"standard","meta":[],"categories":[2],"tags":[],"_links":{"self":[{"href":"https:\/\/www.actualidadadiario.com\/index.php\/wp-json\/wp\/v2\/posts\/120994"}],"collection":[{"href":"https:\/\/www.actualidadadiario.com\/index.php\/wp-json\/wp\/v2\/posts"}],"about":[{"href":"https:\/\/www.actualidadadiario.com\/index.php\/wp-json\/wp\/v2\/types\/post"}],"author":[{"embeddable":true,"href":"https:\/\/www.actualidadadiario.com\/index.php\/wp-json\/wp\/v2\/users\/3"}],"replies":[{"embeddable":true,"href":"https:\/\/www.actualidadadiario.com\/index.php\/wp-json\/wp\/v2\/comments?post=120994"}],"version-history":[{"count":1,"href":"https:\/\/www.actualidadadiario.com\/index.php\/wp-json\/wp\/v2\/posts\/120994\/revisions"}],"predecessor-version":[{"id":120995,"href":"https:\/\/www.actualidadadiario.com\/index.php\/wp-json\/wp\/v2\/posts\/120994\/revisions\/120995"}],"wp:featuredmedia":[{"embeddable":true,"href":"https:\/\/www.actualidadadiario.com\/index.php\/wp-json\/wp\/v2\/media\/114873"}],"wp:attachment":[{"href":"https:\/\/www.actualidadadiario.com\/index.php\/wp-json\/wp\/v2\/media?parent=120994"}],"wp:term":[{"taxonomy":"category","embeddable":true,"href":"https:\/\/www.actualidadadiario.com\/index.php\/wp-json\/wp\/v2\/categories?post=120994"},{"taxonomy":"post_tag","embeddable":true,"href":"https:\/\/www.actualidadadiario.com\/index.php\/wp-json\/wp\/v2\/tags?post=120994"}],"curies":[{"name":"wp","href":"https:\/\/api.w.org\/{rel}","templated":true}]}}