{"id":120985,"date":"2024-10-02T13:35:39","date_gmt":"2024-10-02T16:35:39","guid":{"rendered":"https:\/\/www.actualidadadiario.com\/?p=120985"},"modified":"2024-10-02T13:35:39","modified_gmt":"2024-10-02T16:35:39","slug":"incendios-en-cordoba-declararon-la-emergencia-ambiental-mientras-sigue-el-alerta-por-dos-focos-en-actividad","status":"publish","type":"post","link":"https:\/\/www.actualidadadiario.com\/index.php\/2024\/10\/02\/incendios-en-cordoba-declararon-la-emergencia-ambiental-mientras-sigue-el-alerta-por-dos-focos-en-actividad\/","title":{"rendered":"Incendios en C\u00f3rdoba: declararon la emergencia ambiental mientras sigue el alerta por dos focos en actividad"},"content":{"rendered":"<p style=\"text-align: center;\"><em><strong>La medida fue acordada por diputados durante la sesi\u00f3n realizada este martes. En cuanto a las tareas de sofocamiento, las autoridades explicaron que se complicaron por las altas temperaturas que se concentran en los puntos de combate<\/strong><\/em><\/p>\n<p>&nbsp;<\/p>\n<p>&nbsp;<\/p>\n<p>Luego de que se activaran las sirenas producto de los variados incendios que se registraron en C\u00f3rdoba durante las \u00faltimas dos semanas, las autoridades confirmaron que los siniestros de San Javier, Yacanto y San Marcos Sierras fueron contenidos al final de la jornada del martes. Aunque indicaron que a\u00fan quedan puntos activos, destacaron que la actividad \u00edgnea se redujo considerablemente.<\/p>\n<p>Por medio de un comunicado publicado por el Gobierno de C\u00f3rdoba, se report\u00f3 que el foco con mayor actividad ser\u00eda el de la Quebrada de la Mermela, situado en la zona de Chancan\u00ed, por lo que se tom\u00f3 la decisi\u00f3n de cortar de forma total la ruta provincial n\u00famero 28 por el avance de las llamas en esa direcci\u00f3n.<\/p>\n<p>\u201cEl incendio de Chancan\u00ed que todav\u00eda sigue con menos intensidad en el sur y para el lado del norte que est\u00e1 bajando por el lado oeste donde hay quebradas realmente imposibles de acceder\u201d, explic\u00f3 el vocero de la Secretar\u00eda de Gesti\u00f3n de Riesgo Clim\u00e1tico, Roberto Schreiner, al describir que el terreno por el que fuego comenz\u00f3 a expandirse se tratan de \u201cquebradas y precipicios de casi 400 o 500 metros de alto\u201d.<\/p>\n<p>En medio de un di\u00e1logo con el medio local Cadena 3, el funcionario p\u00fablico remarc\u00f3 que en el \u00e1rea hay un escuadr\u00f3n de bomberos que trabajaba para frenar la propagaci\u00f3n de las llamas. Asimismo, se\u00f1al\u00f3 que \u201chay algunos reinicios en la zona de Punilla por el viento y la alta temperatura\u201d.<\/p>\n<p>Tal como se especific\u00f3 en el comunicado, el punto de preocupaci\u00f3n se situar\u00eda en la localidad de Capilla del Monte. Pese a que indicaron que habr\u00eda una \u201cm\u00ednima actividad\u201d, advirtieron que \u201cla jornada continua siendo cr\u00edtica, con fuertes r\u00e1fagas de viento y peligrosidad extrema\u201d. Por este motivo, pidieron a la ciudadan\u00eda que se comuniquen a las l\u00edneas 0800-88-38346 (FUEGO), 100 (Bomberos), y 911 (Polic\u00eda), en caso de notar el comienzo de un nuevo foco.<\/p>\n<p>De esta manera, el vocero del organismo remarc\u00f3 que las tareas de contenci\u00f3n se tornaron particularmente dif\u00edciles para los bomberos, brigadistas, personal del Equipo T\u00e9cnico de Acci\u00f3n ante Cat\u00e1strofes (ETAC) y los medios a\u00e9reos como consecuencia de las altas temperaturas de aproximadamente de 43 grados que se registraron en el frente.<\/p>\n<p>\u201cUn bombero lleg\u00f3 a tomar hasta 8 litros de agua\u201d, cont\u00f3 Schreiner al mencionar que se espera que las condiciones clim\u00e1ticas mejoren para este mi\u00e9rcoles. Seg\u00fan el pron\u00f3stico publicado por el Servicio Meteorol\u00f3gico Nacional (SMN), la temperatura m\u00ednima ser\u00e1 de 9 grados y la m\u00e1xima de 24 grados. No obstante, el cielo permanecer\u00eda despejado hasta la tarde, para cuando el panorama pasar\u00eda a estar nublado. Asimismo, predominar\u00e1n los vientos del sur y sureste, aunque a la noche proceder\u00e1n desde el norte.<\/p>\n<p>Desde que comenz\u00f3 la temporada de incendios, las autoridades contabilizaron que un total de 69 mil hect\u00e1reas fueron consumidas por el fuego y, de acuerdo con la informaci\u00f3n publicada por Puntual, 47 mil del total fueron el resultado de los siniestros que se combatieron en Capilla del Monte, Chancan\u00ed y Villa Berna durante los \u00faltimos d\u00edas.<\/p>\n<p>Ante la preocupaci\u00f3n que la situaci\u00f3n despert\u00f3 en las autoridades, un proyecto de ley destinado a declarar la emergencia ambiental, econ\u00f3mica y habitacional durante 180 d\u00edas en C\u00f3rdoba producto de los incendios forestales fue sancionado por el Congreso durante la sesi\u00f3n celebrada el martes pasado.<\/p>\n<p>Luego de que la iniciativa obtuviera la media sanci\u00f3n en el Senado, el texto fue incorporado en el temario por pedido del diputado cordob\u00e9s de Encuentro Federal, Oscar Agost Carre\u00f1o, seg\u00fan se\u00f1al\u00f3 ElDoce.tv. De esta manera, la propuesta fue aprobada por unanimidad, pese a que en la C\u00e1mara Alta no hab\u00eda contado con el apoyo de los senadores oficialistas.<\/p>\n<p>El proyecto cuenta con varias medidas financieras concretas para \u201crestaurar y restablecer las zonas afectadas y prevenir nuevos focos\u201d, en \u201cel marco del Sistema Federal de Manejo del Fuego y la Gesti\u00f3n Integral de Riesgos\u201d.<\/p>\n<p>El segundo art\u00edculo de la iniciativa expresa que \u201cel Poder Ejecutivo Nacional, a trav\u00e9s de la Secretar\u00eda de Turismo, Ambiente y Deportes, destinar\u00e1 una partida extraordinaria para intervenir y asistir inmediatamente a los fines de la reconstrucci\u00f3n de infraestructura y recuperaci\u00f3n de las actividades econ\u00f3micas afectadas\u201d.<\/p>\n<p>Asimismo, la iniciativa permitir\u00e1 que los afectados puedan acceder a \u201cl\u00edneas de cr\u00e9ditos con tasas bonificadas destinados tanto a la reparaci\u00f3n de viviendas como a la continuidad de las actividades econ\u00f3micas claves para las econom\u00edas regionales, asegurando la recuperaci\u00f3n de empleos y el funcionamiento de los sectores productivos\u201d. Tambi\u00e9n a \u201cfacilitar la sostenibilidad financiera de los emprendimientos locales, permitiendo su reactivaci\u00f3n econ\u00f3mica mediante la suspensi\u00f3n y renovaci\u00f3n de las obligaciones bancarias y deudas pendientes al inicio de la emergencia, brindando un alivio inmediato a los productores y trabajadores afectados por las p\u00e9rdidas econ\u00f3micas\u201d.<\/p>\n<p>Finalmente, el tercer punto direcciona un permiso para suspender \u201cpor hasta noventa (90) d\u00edas, juicios y procedimientos administrativos de cobro de acreencias vencidas antes de la emergencia, garantizando que las familias, emprendedores y productores puedan concentrar sus esfuerzos en la reconstrucci\u00f3n de sus medios de vida sin el riesgo de sanciones financieras inmediatas\u201d.<\/p>\n","protected":false},"excerpt":{"rendered":"<p>La medida fue acordada por diputados durante la sesi\u00f3n realizada este martes. En cuanto a las tareas de sofocamiento, las autoridades explicaron que se complicaron por las altas temperaturas que se concentran en los puntos de combate &nbsp; &nbsp; Luego de que se activaran las sirenas producto de los variados incendios que se registraron en C\u00f3rdoba durante las \u00faltimas dos semanas, las autoridades confirmaron que los siniestros de San Javier, Yacanto y San Marcos Sierras fueron contenidos al final de la jornada del martes. Aunque indicaron que a\u00fan quedan puntos&#8230;<\/p>\n","protected":false},"author":3,"featured_media":119736,"comment_status":"closed","ping_status":"closed","sticky":false,"template":"","format":"standard","meta":[],"categories":[2],"tags":[],"_links":{"self":[{"href":"https:\/\/www.actualidadadiario.com\/index.php\/wp-json\/wp\/v2\/posts\/120985"}],"collection":[{"href":"https:\/\/www.actualidadadiario.com\/index.php\/wp-json\/wp\/v2\/posts"}],"about":[{"href":"https:\/\/www.actualidadadiario.com\/index.php\/wp-json\/wp\/v2\/types\/post"}],"author":[{"embeddable":true,"href":"https:\/\/www.actualidadadiario.com\/index.php\/wp-json\/wp\/v2\/users\/3"}],"replies":[{"embeddable":true,"href":"https:\/\/www.actualidadadiario.com\/index.php\/wp-json\/wp\/v2\/comments?post=120985"}],"version-history":[{"count":1,"href":"https:\/\/www.actualidadadiario.com\/index.php\/wp-json\/wp\/v2\/posts\/120985\/revisions"}],"predecessor-version":[{"id":120986,"href":"https:\/\/www.actualidadadiario.com\/index.php\/wp-json\/wp\/v2\/posts\/120985\/revisions\/120986"}],"wp:featuredmedia":[{"embeddable":true,"href":"https:\/\/www.actualidadadiario.com\/index.php\/wp-json\/wp\/v2\/media\/119736"}],"wp:attachment":[{"href":"https:\/\/www.actualidadadiario.com\/index.php\/wp-json\/wp\/v2\/media?parent=120985"}],"wp:term":[{"taxonomy":"category","embeddable":true,"href":"https:\/\/www.actualidadadiario.com\/index.php\/wp-json\/wp\/v2\/categories?post=120985"},{"taxonomy":"post_tag","embeddable":true,"href":"https:\/\/www.actualidadadiario.com\/index.php\/wp-json\/wp\/v2\/tags?post=120985"}],"curies":[{"name":"wp","href":"https:\/\/api.w.org\/{rel}","templated":true}]}}