{"id":120982,"date":"2024-10-02T13:22:24","date_gmt":"2024-10-02T16:22:24","guid":{"rendered":"https:\/\/www.actualidadadiario.com\/?p=120982"},"modified":"2024-10-02T13:22:24","modified_gmt":"2024-10-02T16:22:24","slug":"marcha-universitaria-docentes-no-docentes-estudiantes-y-dirigentes-se-movilizan-en-defensa-de-la-universidad-y-contra-el-ajuste","status":"publish","type":"post","link":"https:\/\/www.actualidadadiario.com\/index.php\/2024\/10\/02\/marcha-universitaria-docentes-no-docentes-estudiantes-y-dirigentes-se-movilizan-en-defensa-de-la-universidad-y-contra-el-ajuste\/","title":{"rendered":"Marcha universitaria: docentes, no docentes, estudiantes y dirigentes se movilizan en &#8220;defensa&#8221; de la universidad y contra el ajuste"},"content":{"rendered":"<p style=\"text-align: center;\"><em><strong>Con actos y movilizaciones en casi 50 ciudades del pa\u00eds, la marcha universitaria de hoy intetar\u00e1 presionar tanto al Gobierno como a los legisladores ante el veto presidencial a la Ley de Financiamiento Universitario. El epicentro estar\u00e1 nuevamente frente al Congreso, a partir de las 17 horas<\/strong><\/em><\/p>\n<p>&nbsp;<\/p>\n<p>&nbsp;<\/p>\n<p>Docentes, no docentes, autoridades y estudiantes realizar\u00e1n hoy una marcha federal en &#8220;defensa de la universidad p\u00fablica y del sistema cient\u00edfico&#8221; nacional, luego de que el presidente Javier Milei anunciara el &#8220;veto total&#8221; a la ley de Financiamiento de las casas de estudio sancionada por el Congreso. &#8220;La universidad no es el problema, es parte de la soluci\u00f3n&#8221;, es el lema que utilizar\u00e1 la comunidad educativa de las universidades p\u00fablicas para rechazar el recorte presupuestario que instrument\u00f3 el gobierno libertario.<\/p>\n<p>La convocatoria principal a la Marcha Federal Universitaria se llevar\u00e1 a cabo a las 17 en la plaza del Congreso y tendr\u00e1 r\u00e9plicas en las principales ciudades de todas las provincias del pa\u00eds. &#8220;Convocamos a que nos acompa\u00f1en en una nueva movilizaci\u00f3n federal en defensa de la universidad p\u00fablica y del sistema cient\u00edfico&#8221;, expresaron desde el Consejo Interuniversitario Nacional (CIN) en un comunicado.<\/p>\n<p>La disputa entre el Ejecutivo y las universidades viene increment\u00e1ndose desde la semana pasada, cuando docentes y no docentes de la Universidad de Buenos Aires (UBA) realizaron un paro por 48 horas en &#8220;defensa de su salario&#8221; y de la ley de Financiamiento Universitario.<\/p>\n<p>Tras una reuni\u00f3n en el Palacio Pizzurno, donde funciona la Secretar\u00eda de Educaci\u00f3n, los gremios rechazaron el ofrecimiento del Ministerio de Capital Humano de un &#8220;5,8% adicional en octubre&#8221;, que hab\u00eda sido calificado como &#8220;hist\u00f3rico&#8221; por esa cartera.<\/p>\n<p>Para bajar la tensi\u00f3n con los gremios universitarios, el Ejecutivo los hab\u00eda convocado a fin de discutir la paritaria, pero los sindicatos universitarios FEDUN, CONADU, CONADU Hist\u00f3rica, FATUN y FagDUT consideraron &#8220;insuficiente&#8221; la nueva propuesta salarial del Ejecutivo nacional.<\/p>\n<p>&#8220;A nadie escapa que esta convocatoria se da por la inminencia de una marcha masiva en rechazo al ajuste en la universidad. La propuesta est\u00e1 muy lejos de equiparar con los estatales, porque es solo un 5.8% para octubre y no reconoce la enorme deuda de m\u00e1s de 50 puntos nominales en el salario de docentes y no docentes&#8221;, indicaron desde el sector docente, al hacer referencia a la movilizaci\u00f3n.<\/p>\n<p>La Marcha Federal Universitaria tendr\u00e1 el respald\u00f3 de la CGT, que ratific\u00f3 que formar\u00e1 parte de la protesta en &#8220;defensa de la educaci\u00f3n y la universidad p\u00fablica&#8221;. &#8220;Hay que encontrar un camino para salir de esta situaci\u00f3n y no desprestigiar a las universidades p\u00fablicas&#8221;, asegur\u00f3 el secretario general de los Trabajadores de Sanidad y uno de los l\u00edderes de la central obrera, H\u00e9ctor Daer, en la previa de la movilizaci\u00f3n.<\/p>\n<p>En di\u00e1logo con Radio Splendid, Daer indic\u00f3 que &#8220;la marcha universitaria ya est\u00e1 en proceso&#8221; y que hay que llegar a un acuerdo &#8220;con los gremios docentes&#8221; para iniciar la recuperaci\u00f3n de esta crisis.<\/p>\n<p>La ex presidenta Cristina Kirchner fue otra de las figuras pol\u00edticas de peso que llam\u00f3 a los j\u00f3venes a participar de la movilizaci\u00f3n federal universitaria y remarc\u00f3 que &#8220;marchar\u00e1n no s\u00f3lo por su presente, sino tambi\u00e9n por su futuro&#8221;.<\/p>\n<p>Del lado del Gobierno nacional, el secretario de Educaci\u00f3n, Carlos Torrendell, acus\u00f3 a las casas de altos estudios de &#8220;inventar alumnos&#8221; para cobrar fondos. &#8220;Sobre el 38% de los alumnos, no sabemos si est\u00e1n inscriptos en una materia. No est\u00e1 informada su inscripci\u00f3n porque las universidades no lo han informado. Los fondos se reparten de acuerdo a esas polin\u00f3micas&#8221;, plante\u00f3 el funcionario en declaraciones a Radio Rivadavia.<\/p>\n<p>Asimismo, desde el Ministerio de Capital Humano dieron cuenta de todas las alternativas que barajaron para desactivar la movilizaci\u00f3n de la comunidad universitaria y se\u00f1alaron que su &#8220;objetivo es lograr la claridad en el manejo de los recursos del Estado&#8221;.<\/p>\n<p>&#8220;El compromiso del Gobierno nacional con la universidad p\u00fablica se mantiene firme, priorizando la mejora del sistema educativo&#8221;, expres\u00f3 la cartera en la previa de la Marcha Federal e hizo p\u00fablicos &#8220;siete puntos clave&#8221; que el Ministerio destaca en relaci\u00f3n a la propuesta y al conflicto: entre ellos, el ofrecimiento del &#8220;6,8%&#8221; de aumento presupuestario adicional.<\/p>\n<p>El conflicto entre las universidades y el Gobierno nacional tuvo varios picos de tensi\u00f3n desde que asumi\u00f3 el gobierno libertario, pero uno de sus momentos m\u00e1s \u00e1lgidos fue la masiva movilizaci\u00f3n del pasado 23 de abril, cuando se manifestaron cientos de miles de personas en todo el pa\u00eds para respaldar el reclamo de las casas de altos estudios.<\/p>\n","protected":false},"excerpt":{"rendered":"<p>Con actos y movilizaciones en casi 50 ciudades del pa\u00eds, la marcha universitaria de hoy intetar\u00e1 presionar tanto al Gobierno como a los legisladores ante el veto presidencial a la Ley de Financiamiento Universitario. El epicentro estar\u00e1 nuevamente frente al Congreso, a partir de las 17 horas &nbsp; &nbsp; Docentes, no docentes, autoridades y estudiantes realizar\u00e1n hoy una marcha federal en &#8220;defensa de la universidad p\u00fablica y del sistema cient\u00edfico&#8221; nacional, luego de que el presidente Javier Milei anunciara el &#8220;veto total&#8221; a la ley de Financiamiento de las casas&#8230;<\/p>\n","protected":false},"author":3,"featured_media":120983,"comment_status":"closed","ping_status":"closed","sticky":false,"template":"","format":"standard","meta":[],"categories":[9],"tags":[],"_links":{"self":[{"href":"https:\/\/www.actualidadadiario.com\/index.php\/wp-json\/wp\/v2\/posts\/120982"}],"collection":[{"href":"https:\/\/www.actualidadadiario.com\/index.php\/wp-json\/wp\/v2\/posts"}],"about":[{"href":"https:\/\/www.actualidadadiario.com\/index.php\/wp-json\/wp\/v2\/types\/post"}],"author":[{"embeddable":true,"href":"https:\/\/www.actualidadadiario.com\/index.php\/wp-json\/wp\/v2\/users\/3"}],"replies":[{"embeddable":true,"href":"https:\/\/www.actualidadadiario.com\/index.php\/wp-json\/wp\/v2\/comments?post=120982"}],"version-history":[{"count":1,"href":"https:\/\/www.actualidadadiario.com\/index.php\/wp-json\/wp\/v2\/posts\/120982\/revisions"}],"predecessor-version":[{"id":120984,"href":"https:\/\/www.actualidadadiario.com\/index.php\/wp-json\/wp\/v2\/posts\/120982\/revisions\/120984"}],"wp:featuredmedia":[{"embeddable":true,"href":"https:\/\/www.actualidadadiario.com\/index.php\/wp-json\/wp\/v2\/media\/120983"}],"wp:attachment":[{"href":"https:\/\/www.actualidadadiario.com\/index.php\/wp-json\/wp\/v2\/media?parent=120982"}],"wp:term":[{"taxonomy":"category","embeddable":true,"href":"https:\/\/www.actualidadadiario.com\/index.php\/wp-json\/wp\/v2\/categories?post=120982"},{"taxonomy":"post_tag","embeddable":true,"href":"https:\/\/www.actualidadadiario.com\/index.php\/wp-json\/wp\/v2\/tags?post=120982"}],"curies":[{"name":"wp","href":"https:\/\/api.w.org\/{rel}","templated":true}]}}