{"id":120976,"date":"2024-10-02T11:15:16","date_gmt":"2024-10-02T14:15:16","guid":{"rendered":"https:\/\/www.actualidadadiario.com\/?p=120976"},"modified":"2024-10-02T11:15:16","modified_gmt":"2024-10-02T14:15:16","slug":"el-campo-entrerriano-necesita-100-milimetros-promedio-de-lluvias-en-octubre-y-noviembre","status":"publish","type":"post","link":"https:\/\/www.actualidadadiario.com\/index.php\/2024\/10\/02\/el-campo-entrerriano-necesita-100-milimetros-promedio-de-lluvias-en-octubre-y-noviembre\/","title":{"rendered":"El campo entrerriano necesita \u201c100 mil\u00edmetros promedio de lluvias en octubre y noviembre\u201d"},"content":{"rendered":"<p style=\"text-align: center;\"><em><strong>\u201cEn septiembre se totalizaron 35 horas por encima de 30\u00baC, lo cual va en detrimento del rendimiento potencial del trigo\u201d, informaron desde la Bolsa de Cereales. Cu\u00e1l es la situaci\u00f3n del ma\u00edz y qu\u00e9 cantidad de hect\u00e1reas esperan que se siembren con soja<\/strong><\/em><\/p>\n<p>&nbsp;<\/p>\n<p>&nbsp;<\/p>\n<p>El ingeniero agr\u00f3nomo de la Bolsa de Cereales de Entre R\u00edos, Pablo Fontanini, confirm\u00f3 que las precipitaciones han sido muy escasas y se\u00f1al\u00f3 que esta situaci\u00f3n \u201cdesde junio-julio imposibilit\u00f3 la concreci\u00f3n del \u00e1rea planificada de trigo. Pens\u00e1bamos que \u00edbamos a superar las 630.000 hect\u00e1reas y la proyecci\u00f3n es de 570 mil hect\u00e1reas con lotes que atraviesan un importante estr\u00e9s h\u00eddrico y se suman las altas temperaturas\u201d.<\/p>\n<p>Acot\u00f3 que \u201cen septiembre, en promedio, se totalizaron 35 horas por encima de 30\u00baC, lo cual va en detrimento del rendimiento potencial del trigo\u201d.<\/p>\n<p>&nbsp;<\/p>\n<p><strong>Las zonas m\u00e1s afectadas<\/strong><\/p>\n<p>Describi\u00f3 que \u201cla peor zona es el suroeste entrerriano, es decir, los departamentos Paran\u00e1, Diamante, Victoria, Nogoy\u00e1. En la zona sureste hubo algunos eventos, y sobre todo en el centro norte, que mejoraron la condici\u00f3n\u201d.<\/p>\n<p>Enseguida record\u00f3 que \u201cel 70 por ciento de la producci\u00f3n granaria se ubica hacia el centro-sur y, de ese total el 40 por ciento es el suroeste, que es una de las \u00e1reas m\u00e1s afectadas\u201d.<\/p>\n<p>Ma\u00edz<\/p>\n<p>\u201cSe suma que se ha imposibilitado la concreci\u00f3n de la siembra de ma\u00edz de primera. Hay lotes sembrados, pero las plantas est\u00e1n frenadas, con escaso desarrollo, por falta de agua. Se necesitan unos 30 mil\u00edmetros para homogeneizar la cama de siembra y poder implantar este cultivo\u201d, dijo Fontanini.<\/p>\n<p>Debido a lo que caus\u00f3 la chicharrita en la campa\u00f1a pasada, la estrategia del productor para este a\u00f1o era \u201csembrar exclusivamente ma\u00edz de primera y temprano, no obstante, lo cual pens\u00e1bamos en una ca\u00edda del 45 por ciento del \u00e1rea cultivada\u201d. El avance de la siembra hasta la semana pasa era del 73 por ciento.<\/p>\n<p>Estim\u00f3 que \u201clas hect\u00e1reas que se cedan de ma\u00edz, posiblemente la tome la soja de primera\u201d, por lo que la oleaginosa llegar\u00eda a 1.250.000 hect\u00e1reas sembradas con la misma en Entre R\u00edos.<\/p>\n<p>&nbsp;<\/p>\n<p><strong>A la espera de lluvias<\/strong><\/p>\n<p>Los pr\u00f3ximos 15 d\u00edas ser\u00e1n claves, pero \u201clas lluvias vienen muy complicadas\u201d. Pese a esto, adelant\u00f3 que, como los monitoreos actuales no dan cuenta de la presencia de chicharrita, tampoco se descarta que se haga algo de ma\u00edz de segunda, lo cual \u201chace dos meses era totalmente impensado.<\/p>\n<p>\u201cSe est\u00e1 instalando una situaci\u00f3n de sequ\u00eda, sobre todo en la costa del Paran\u00e1 y el suroeste. Hay una advertencia de Ni\u00f1a, pero venimos de un escenario complicado\u201d, expres\u00f3 el profesional.<\/p>\n<p>A\u00f1adi\u00f3 que \u201ctienen que empezar a ingresar vientos del noreste que recarguen humedad para que se genere el cambio de entrada a la primavera con mayores lluvias para tener por lo menos 100 mil\u00edmetros de promedio en octubre y noviembre, pero estamos en una transici\u00f3n dif\u00edcil para alcanzar esto\u201d, cerr\u00f3 Fontanini.<\/p>\n","protected":false},"excerpt":{"rendered":"<p>\u201cEn septiembre se totalizaron 35 horas por encima de 30\u00baC, lo cual va en detrimento del rendimiento potencial del trigo\u201d, informaron desde la Bolsa de Cereales. Cu\u00e1l es la situaci\u00f3n del ma\u00edz y qu\u00e9 cantidad de hect\u00e1reas esperan que se siembren con soja &nbsp; &nbsp; El ingeniero agr\u00f3nomo de la Bolsa de Cereales de Entre R\u00edos, Pablo Fontanini, confirm\u00f3 que las precipitaciones han sido muy escasas y se\u00f1al\u00f3 que esta situaci\u00f3n \u201cdesde junio-julio imposibilit\u00f3 la concreci\u00f3n del \u00e1rea planificada de trigo. Pens\u00e1bamos que \u00edbamos a superar las 630.000 hect\u00e1reas y&#8230;<\/p>\n","protected":false},"author":3,"featured_media":120977,"comment_status":"closed","ping_status":"closed","sticky":false,"template":"","format":"standard","meta":[],"categories":[15],"tags":[],"_links":{"self":[{"href":"https:\/\/www.actualidadadiario.com\/index.php\/wp-json\/wp\/v2\/posts\/120976"}],"collection":[{"href":"https:\/\/www.actualidadadiario.com\/index.php\/wp-json\/wp\/v2\/posts"}],"about":[{"href":"https:\/\/www.actualidadadiario.com\/index.php\/wp-json\/wp\/v2\/types\/post"}],"author":[{"embeddable":true,"href":"https:\/\/www.actualidadadiario.com\/index.php\/wp-json\/wp\/v2\/users\/3"}],"replies":[{"embeddable":true,"href":"https:\/\/www.actualidadadiario.com\/index.php\/wp-json\/wp\/v2\/comments?post=120976"}],"version-history":[{"count":1,"href":"https:\/\/www.actualidadadiario.com\/index.php\/wp-json\/wp\/v2\/posts\/120976\/revisions"}],"predecessor-version":[{"id":120978,"href":"https:\/\/www.actualidadadiario.com\/index.php\/wp-json\/wp\/v2\/posts\/120976\/revisions\/120978"}],"wp:featuredmedia":[{"embeddable":true,"href":"https:\/\/www.actualidadadiario.com\/index.php\/wp-json\/wp\/v2\/media\/120977"}],"wp:attachment":[{"href":"https:\/\/www.actualidadadiario.com\/index.php\/wp-json\/wp\/v2\/media?parent=120976"}],"wp:term":[{"taxonomy":"category","embeddable":true,"href":"https:\/\/www.actualidadadiario.com\/index.php\/wp-json\/wp\/v2\/categories?post=120976"},{"taxonomy":"post_tag","embeddable":true,"href":"https:\/\/www.actualidadadiario.com\/index.php\/wp-json\/wp\/v2\/tags?post=120976"}],"curies":[{"name":"wp","href":"https:\/\/api.w.org\/{rel}","templated":true}]}}