{"id":120973,"date":"2024-10-02T11:14:08","date_gmt":"2024-10-02T14:14:08","guid":{"rendered":"https:\/\/www.actualidadadiario.com\/?p=120973"},"modified":"2024-10-02T11:14:08","modified_gmt":"2024-10-02T14:14:08","slug":"buscan-un-medico-forense-para-la-jurisdiccion-de-chajari","status":"publish","type":"post","link":"https:\/\/www.actualidadadiario.com\/index.php\/2024\/10\/02\/buscan-un-medico-forense-para-la-jurisdiccion-de-chajari\/","title":{"rendered":"Buscan un m\u00e9dico forense para la jurisdicci\u00f3n de Chajar\u00ed"},"content":{"rendered":"<p style=\"text-align: center;\"><em><strong>El Superior Tribunal de Justicia, a trav\u00e9s de la Direcci\u00f3n de Gesti\u00f3n Humana, realiza una convocatoria para cubrir un cargo de m\u00e9dico forense suplente (oficial superior de primera) para la jurisdicci\u00f3n Chajar\u00ed<\/strong><\/em><\/p>\n<p>&nbsp;<\/p>\n<p>&nbsp;<\/p>\n<p>&nbsp;<\/p>\n<p><strong>Empez\u00f3 la inscripci\u00f3n<\/strong><\/p>\n<p>El formulario de inscripci\u00f3n, para las personas interesadas, se encuentra abierto a partir de este martes 2 de octubre, a las 9 y finalizar\u00e1 el pr\u00f3ximo mi\u00e9rcoles a las 9, precisaron en un comunicado.<\/p>\n<p>Las funciones a cumplir son la de realizar toda pr\u00e1ctica m\u00e9dico-legal y toda otra actividad que le solicite el superior jer\u00e1rquico y\/o el Superior Tribunal de Justicia.<\/p>\n<p>&nbsp;<\/p>\n<p><strong>Requisitos pedidos<\/strong><\/p>\n<p>Entre los requisitos solicitados es el de poseer el t\u00edtulo m\u00e9dico expedido por una universidad nacional o privada de car\u00e1cter oficial; o t\u00edtulo de m\u00e9dico\/a expedido por una universidad extranjera revalidado oficialmente por la autoridad universitaria competente.<\/p>\n<p>Poseer el t\u00edtulo de m\u00e9dico legista expedido por una universidad nacional o privada de car\u00e1cter oficial; o t\u00edtulo de m\u00e9dico legista expedido por una universidad extranjera revalidado oficialmente por la autoridad universitaria competente.<\/p>\n<p>Poseer matr\u00edcula profesional provincial (Entre R\u00edos) habilitante; tener como m\u00ednimo 25 a\u00f1os de edad y 5 a\u00f1os como m\u00e9dico\/a en el ejercicio de la profesi\u00f3n debidamente acreditado; tener 2 a\u00f1os de residencia inmediata en Entre R\u00edos para los\/as que no son naturales de ella y no registrar sanciones disciplinarias en el Ministerio de Salud P\u00fablica durante el ejercicio de la profesi\u00f3n en los \u00faltimos 5 a\u00f1os.<\/p>\n<p>&nbsp;<\/p>\n<p><strong>Acced\u00e9 ac\u00e1 al formulario de Inscripci\u00f3n<\/strong> https:\/\/docs.google.com\/forms\/d\/e\/1FAIpQLSft_3Ln0LxkSC4ahzx_RoxXzsPWy1bBtyqG4R0PAL97emfr1Q\/viewform<\/p>\n<p>&nbsp;<\/p>\n<p>El llamado, es conforme a las pautas y requisitos establecidos en el Anexo I &#8211; Convocatoria Poder Judicial de Entre R\u00edos &#8211; Departamento M\u00e9dico Forense; \u201cReglamento de Concursos para ocupar cargos periciales en el Departamento M\u00e9dico Forense del STJ\u201d, aprobado por Acuerdo General N\u00ba 28\/17 del 26-09-17, Punto 5\u00ba) y, requisitos legales previstos en art. 110 de la L.O.P.J .<\/p>\n","protected":false},"excerpt":{"rendered":"<p>El Superior Tribunal de Justicia, a trav\u00e9s de la Direcci\u00f3n de Gesti\u00f3n Humana, realiza una convocatoria para cubrir un cargo de m\u00e9dico forense suplente (oficial superior de primera) para la jurisdicci\u00f3n Chajar\u00ed &nbsp; &nbsp; &nbsp; Empez\u00f3 la inscripci\u00f3n El formulario de inscripci\u00f3n, para las personas interesadas, se encuentra abierto a partir de este martes 2 de octubre, a las 9 y finalizar\u00e1 el pr\u00f3ximo mi\u00e9rcoles a las 9, precisaron en un comunicado. Las funciones a cumplir son la de realizar toda pr\u00e1ctica m\u00e9dico-legal y toda otra actividad que le solicite&#8230;<\/p>\n","protected":false},"author":3,"featured_media":120974,"comment_status":"closed","ping_status":"closed","sticky":false,"template":"","format":"standard","meta":[],"categories":[15],"tags":[],"_links":{"self":[{"href":"https:\/\/www.actualidadadiario.com\/index.php\/wp-json\/wp\/v2\/posts\/120973"}],"collection":[{"href":"https:\/\/www.actualidadadiario.com\/index.php\/wp-json\/wp\/v2\/posts"}],"about":[{"href":"https:\/\/www.actualidadadiario.com\/index.php\/wp-json\/wp\/v2\/types\/post"}],"author":[{"embeddable":true,"href":"https:\/\/www.actualidadadiario.com\/index.php\/wp-json\/wp\/v2\/users\/3"}],"replies":[{"embeddable":true,"href":"https:\/\/www.actualidadadiario.com\/index.php\/wp-json\/wp\/v2\/comments?post=120973"}],"version-history":[{"count":1,"href":"https:\/\/www.actualidadadiario.com\/index.php\/wp-json\/wp\/v2\/posts\/120973\/revisions"}],"predecessor-version":[{"id":120975,"href":"https:\/\/www.actualidadadiario.com\/index.php\/wp-json\/wp\/v2\/posts\/120973\/revisions\/120975"}],"wp:featuredmedia":[{"embeddable":true,"href":"https:\/\/www.actualidadadiario.com\/index.php\/wp-json\/wp\/v2\/media\/120974"}],"wp:attachment":[{"href":"https:\/\/www.actualidadadiario.com\/index.php\/wp-json\/wp\/v2\/media?parent=120973"}],"wp:term":[{"taxonomy":"category","embeddable":true,"href":"https:\/\/www.actualidadadiario.com\/index.php\/wp-json\/wp\/v2\/categories?post=120973"},{"taxonomy":"post_tag","embeddable":true,"href":"https:\/\/www.actualidadadiario.com\/index.php\/wp-json\/wp\/v2\/tags?post=120973"}],"curies":[{"name":"wp","href":"https:\/\/api.w.org\/{rel}","templated":true}]}}