{"id":120971,"date":"2024-10-02T11:12:39","date_gmt":"2024-10-02T14:12:39","guid":{"rendered":"https:\/\/www.actualidadadiario.com\/?p=120971"},"modified":"2024-10-02T11:12:39","modified_gmt":"2024-10-02T14:12:39","slug":"control-de-la-asistencia-docente-rectores-denuncian-apriete-ilegal-del-cge","status":"publish","type":"post","link":"https:\/\/www.actualidadadiario.com\/index.php\/2024\/10\/02\/control-de-la-asistencia-docente-rectores-denuncian-apriete-ilegal-del-cge\/","title":{"rendered":"Control de la asistencia docente: rectores denuncian \u00abapriete\u00bb ilegal del CGE"},"content":{"rendered":"<p style=\"text-align: center;\"><em><strong>Un grupo de Rectores del departamento Concordia presentar\u00e1 una nota ante la Direcci\u00f3n Departamental de Escuelas, en el marco de las tensiones desatadas por la aplicaci\u00f3n de la Declaraci\u00f3n Jurada que implement\u00f3 el Consejo General de Educaci\u00f3n<\/strong><\/em><\/p>\n<p>&nbsp;<\/p>\n<p>\u00abQueremos alertar sobre el \u201capriete\u201d ilegal que estamos recibiendo\u00bb<\/p>\n<p>&nbsp;<\/p>\n<p><strong>La nota de los directivos<\/strong><\/p>\n<p><em>\u00abLos abajo firmantes, Rectores de las escuelas del departamento Concordia de la Provincia de Entre R\u00edos, queremos alertar sobre el \u201capriete\u201d ilegal que estamos recibiendo de parte del gobierno de turno, al remitirnos el pasado 26\/09 la Circular N\u00b0 14\/2024 que enuncia:<\/em><\/p>\n<p><em>\u201cel personal directivo tiene la obligaci\u00f3n por imperio de las resoluciones 2565\/08 y 2566\/16 CGE de \u201ccomunicar al Superior inmediato, licencias e inasistencias del personal docente, administrativo o de servicios, con que cuente la Unidad Educativa, cualquiera sean los motivos de las mismas\u00bb, informando puntualmente las novedades en el sistema SAGE, donde deber\u00e1 realizar el control y cargo de asistencia del personal diariamente\u00bb.<\/em><\/p>\n<p><em>Interpretamos que esta circular busca generar presi\u00f3n sobre los equipos directivos, recargando la tarea de controlar el paro, tarea que no nos corresponde; con el gran agravante de la ilegalidad de citar como vigente la Resoluci\u00f3n 2566\/16 que se encuentra suspendida por la paritaria de 2017, que fuera homologada por Resoluci\u00f3n 1017\/17 del Ministerio de Trabajo en 4\/9\/2017. Por lo que con esta circular el CGE incumple el acuerdo paritario mencionado cometiendo un acto ilegal, amedrentando a los docentes que leg\u00edtimamente hacen uso de su derecho a huelga y tambi\u00e9n enfrenta a los equipos directivos con el personal a su cargo.<\/em><\/p>\n<p><em>Tambi\u00e9n debemos hacer menci\u00f3n de la resoluci\u00f3n N\u00b0 2771\/24 CGE que genera incorporar m\u00e1s burocracia y tr\u00e1mites al personal docente en general, que deja ver otra forma de persecuci\u00f3n hacia todos.<\/em><\/p>\n<p><em>Al igual que los rectores, tambi\u00e9n se encuentran intimidados los secretarios ya que entre sus funciones deben \u201cMantener actualizada toda documentaci\u00f3n y carga en el Sistema Administrativo\u201d de este modo est\u00e1n obligados a cumplimentar con una tarea que produce malestar entre colegas y redunda en cuanto a las tareas que llevan adelante inherentes a su rol, pues toda informaci\u00f3n de licencias y designaciones se encuentran cargadas en SAGE.<\/em><\/p>\n<p><em>Los directivos, tanto rectores como vicerrectores y secretarios; somos docentes de carrera, que accedimos a los cargos por concurso y en la mayor\u00eda de los casos habiendo aprobado por oposici\u00f3n. No somos puestos pol\u00edticos alineados con el gobierno de turno ni nos corresponde a nosotros defender sus gestiones. No queremos ser manipulados, ni presionados, buscando volvernos serviles. No es para eso que hemos realizado la carrera docente. Demandamos se nos respete, sin desinformarnos, ni menospreciarnos, para que podamos enfocar nuestras energ\u00edas en dirigir, conducir y gestionar nuestras escuelas del mejor modo posible con los pocos y a veces escasos recursos que destina el CGE, somos el nexo que vela como garantes de los derechos de los estudiantes entrerrianos siendo las funciones a nuestro cargo coherente a esto y no a otras que solapadamente buscan otros intereses. Esa es nuestra tarea por lo cual entendemos y nos encontramos defendiendo el clima laboral respetuoso de los derechos, cuidado, saludable y normativas que atiendan a las necesidades de los territorios (las que una y otra vez se presentan y se hacen saber por la v\u00eda correspondiente) pues ninguna mejora para nuestras Comunidades Educativas pueden pensarse y concretarse en t\u00e9rminos de enfrentamientos e intimidaciones sino con trabajo mancomunado y recursos\u00bb.<\/em><\/p>\n","protected":false},"excerpt":{"rendered":"<p>Un grupo de Rectores del departamento Concordia presentar\u00e1 una nota ante la Direcci\u00f3n Departamental de Escuelas, en el marco de las tensiones desatadas por la aplicaci\u00f3n de la Declaraci\u00f3n Jurada que implement\u00f3 el Consejo General de Educaci\u00f3n &nbsp; \u00abQueremos alertar sobre el \u201capriete\u201d ilegal que estamos recibiendo\u00bb &nbsp; La nota de los directivos \u00abLos abajo firmantes, Rectores de las escuelas del departamento Concordia de la Provincia de Entre R\u00edos, queremos alertar sobre el \u201capriete\u201d ilegal que estamos recibiendo de parte del gobierno de turno, al remitirnos el pasado 26\/09 la&#8230;<\/p>\n","protected":false},"author":3,"featured_media":56304,"comment_status":"closed","ping_status":"closed","sticky":false,"template":"","format":"standard","meta":[],"categories":[15],"tags":[],"_links":{"self":[{"href":"https:\/\/www.actualidadadiario.com\/index.php\/wp-json\/wp\/v2\/posts\/120971"}],"collection":[{"href":"https:\/\/www.actualidadadiario.com\/index.php\/wp-json\/wp\/v2\/posts"}],"about":[{"href":"https:\/\/www.actualidadadiario.com\/index.php\/wp-json\/wp\/v2\/types\/post"}],"author":[{"embeddable":true,"href":"https:\/\/www.actualidadadiario.com\/index.php\/wp-json\/wp\/v2\/users\/3"}],"replies":[{"embeddable":true,"href":"https:\/\/www.actualidadadiario.com\/index.php\/wp-json\/wp\/v2\/comments?post=120971"}],"version-history":[{"count":1,"href":"https:\/\/www.actualidadadiario.com\/index.php\/wp-json\/wp\/v2\/posts\/120971\/revisions"}],"predecessor-version":[{"id":120972,"href":"https:\/\/www.actualidadadiario.com\/index.php\/wp-json\/wp\/v2\/posts\/120971\/revisions\/120972"}],"wp:featuredmedia":[{"embeddable":true,"href":"https:\/\/www.actualidadadiario.com\/index.php\/wp-json\/wp\/v2\/media\/56304"}],"wp:attachment":[{"href":"https:\/\/www.actualidadadiario.com\/index.php\/wp-json\/wp\/v2\/media?parent=120971"}],"wp:term":[{"taxonomy":"category","embeddable":true,"href":"https:\/\/www.actualidadadiario.com\/index.php\/wp-json\/wp\/v2\/categories?post=120971"},{"taxonomy":"post_tag","embeddable":true,"href":"https:\/\/www.actualidadadiario.com\/index.php\/wp-json\/wp\/v2\/tags?post=120971"}],"curies":[{"name":"wp","href":"https:\/\/api.w.org\/{rel}","templated":true}]}}