{"id":120965,"date":"2024-10-02T11:08:26","date_gmt":"2024-10-02T14:08:26","guid":{"rendered":"https:\/\/www.actualidadadiario.com\/?p=120965"},"modified":"2024-10-02T11:08:26","modified_gmt":"2024-10-02T14:08:26","slug":"uader-acompanara-a-uner-en-la-marcha-universitaria-de-este-miercoles","status":"publish","type":"post","link":"https:\/\/www.actualidadadiario.com\/index.php\/2024\/10\/02\/uader-acompanara-a-uner-en-la-marcha-universitaria-de-este-miercoles\/","title":{"rendered":"Uader acompa\u00f1ar\u00e1 a UNER en la Marcha Universitaria de este mi\u00e9rcoles"},"content":{"rendered":"<p style=\"text-align: center;\"><em><strong>El rector Luciano Filipuzzi as\u00ed lo confirm\u00f3: \u201cno participamos presupuestariamente de esas discusiones pero entendemos que el sistema no se puede poner en riesgo\u201d. Adem\u00e1s explic\u00f3 que con la nueva gesti\u00f3n gubernamental en la provincia \u201cno hemos sentido un achicamiento porque funciona diferente el presupuesto\u201d<\/strong><\/em><\/p>\n<p>&nbsp;<\/p>\n<p>&nbsp;<\/p>\n<p>Este mi\u00e9rcoles desde las 17 se llevar\u00e1 a cabo la Marcha Universitaria en Paran\u00e1. \u201cHay una gran falta de respuestas a lo que requiere un financiamiento del sistema y pone en riesgo adecuado la calidad del sistema, las posibilidades de mantener las actividades como lo requiere la universidad\u201d, sostuvo el rector de la UNER Andr\u00e9s Sabella en conferencia de prensa este lunes.<\/p>\n<p>Al respecto, el rector de la UNER Luciano Filipuzzi indic\u00f3: \u201cVamos a acompa\u00f1ar desde un lugar distinto porque no participamos presupuestariamente de esas discusiones pero entendemos que el sistema no se puede poner en riesgo, que es importante toda la requisitoria de las universidades p\u00fablica y gratuita\u201d.<\/p>\n<p>Filipuzzi explic\u00f3 que a diferencia de lo que sucede en UNER, en la Uader no ha habido \u201cun achicamiento\u201d porque funciona diferente el presupuesto provincial del nacional. \u201cEl 97% del presupuesto es haberes y sueldos y est\u00e1 intacto de acuerdo a las adaptaciones que va haciendo la provincia, mientras que el otro 3% son mantenimiento. Lo que nos aporta Naci\u00f3n es casi nulo, solo algunos programas aislados que en este momento no est\u00e1n vigentes.<\/p>\n","protected":false},"excerpt":{"rendered":"<p>El rector Luciano Filipuzzi as\u00ed lo confirm\u00f3: \u201cno participamos presupuestariamente de esas discusiones pero entendemos que el sistema no se puede poner en riesgo\u201d. Adem\u00e1s explic\u00f3 que con la nueva gesti\u00f3n gubernamental en la provincia \u201cno hemos sentido un achicamiento porque funciona diferente el presupuesto\u201d &nbsp; &nbsp; Este mi\u00e9rcoles desde las 17 se llevar\u00e1 a cabo la Marcha Universitaria en Paran\u00e1. \u201cHay una gran falta de respuestas a lo que requiere un financiamiento del sistema y pone en riesgo adecuado la calidad del sistema, las posibilidades de mantener las actividades&#8230;<\/p>\n","protected":false},"author":3,"featured_media":120966,"comment_status":"closed","ping_status":"closed","sticky":false,"template":"","format":"standard","meta":[],"categories":[15],"tags":[],"_links":{"self":[{"href":"https:\/\/www.actualidadadiario.com\/index.php\/wp-json\/wp\/v2\/posts\/120965"}],"collection":[{"href":"https:\/\/www.actualidadadiario.com\/index.php\/wp-json\/wp\/v2\/posts"}],"about":[{"href":"https:\/\/www.actualidadadiario.com\/index.php\/wp-json\/wp\/v2\/types\/post"}],"author":[{"embeddable":true,"href":"https:\/\/www.actualidadadiario.com\/index.php\/wp-json\/wp\/v2\/users\/3"}],"replies":[{"embeddable":true,"href":"https:\/\/www.actualidadadiario.com\/index.php\/wp-json\/wp\/v2\/comments?post=120965"}],"version-history":[{"count":1,"href":"https:\/\/www.actualidadadiario.com\/index.php\/wp-json\/wp\/v2\/posts\/120965\/revisions"}],"predecessor-version":[{"id":120967,"href":"https:\/\/www.actualidadadiario.com\/index.php\/wp-json\/wp\/v2\/posts\/120965\/revisions\/120967"}],"wp:featuredmedia":[{"embeddable":true,"href":"https:\/\/www.actualidadadiario.com\/index.php\/wp-json\/wp\/v2\/media\/120966"}],"wp:attachment":[{"href":"https:\/\/www.actualidadadiario.com\/index.php\/wp-json\/wp\/v2\/media?parent=120965"}],"wp:term":[{"taxonomy":"category","embeddable":true,"href":"https:\/\/www.actualidadadiario.com\/index.php\/wp-json\/wp\/v2\/categories?post=120965"},{"taxonomy":"post_tag","embeddable":true,"href":"https:\/\/www.actualidadadiario.com\/index.php\/wp-json\/wp\/v2\/tags?post=120965"}],"curies":[{"name":"wp","href":"https:\/\/api.w.org\/{rel}","templated":true}]}}