{"id":120962,"date":"2024-10-02T11:06:57","date_gmt":"2024-10-02T14:06:57","guid":{"rendered":"https:\/\/www.actualidadadiario.com\/?p=120962"},"modified":"2024-10-02T11:06:57","modified_gmt":"2024-10-02T14:06:57","slug":"la-tarifa-electrica-tendra-una-nueva-suba-en-entre-rios-por-decision-nacional","status":"publish","type":"post","link":"https:\/\/www.actualidadadiario.com\/index.php\/2024\/10\/02\/la-tarifa-electrica-tendra-una-nueva-suba-en-entre-rios-por-decision-nacional\/","title":{"rendered":"La tarifa el\u00e9ctrica tendr\u00e1 una nueva suba en Entre R\u00edos por decisi\u00f3n nacional"},"content":{"rendered":"<p style=\"text-align: center;\"><em><strong>El precio que cobran las tarifas \u201cdebe necesariamente reflejar los costos reales estimados para producir la energ\u00eda que consume la demanda\u201d, argumentaron desde la Naci\u00f3n para justificar el aumento de 3 por ciento para octubre<\/strong><\/em><\/p>\n<p>&nbsp;<\/p>\n<p>&nbsp;<\/p>\n<p>La Secretar\u00eda de Energ\u00eda de la Naci\u00f3n tom\u00f3 medidas distintas respecto a gas y luz para el mes de octubre.<\/p>\n<p>En electricidad, determin\u00f3 que el precio que cobran las tarifas \u201cdebe necesariamente reflejar los costos reales estimados para producir la energ\u00eda que consume la demanda\u201d, para explicar el aumento de 3%.<\/p>\n<p>En gas, sin embargo, se instruy\u00f3 a reducir el precio vigente que se cobra, por lo cual las boletas bajar\u00e1n alrededor de 5% a partir del consumo de ma\u00f1ana.<\/p>\n<p>&nbsp;<\/p>\n<p><strong>Resoluci\u00f3n del EPRE<\/strong><\/p>\n<p>Es por ello que el Ente Provincial Regulador de la Energ\u00eda (EPRE) public\u00f3 este martes 1\u00b0 la resoluci\u00f3n N\u00b0 199 que aprueba nuevos cuadros tarifarios a tono con lo resuelto por la Naci\u00f3n. As\u00ed, el Ente Regulador puso en vigencia los nuevos valores del cuadro tarifario para el per\u00edodo comprendido entre el 1\u00b0 y el 31 de octubre del a\u00f1o 2024.<\/p>\n<p>&nbsp;<\/p>\n<p><strong>Qu\u00e9 determin\u00f3 la Secretar\u00eda de Energ\u00eda de la Naci\u00f3n<\/strong><\/p>\n<p>A trav\u00e9s de la resoluci\u00f3n 284\/2024, la Secretar\u00eda de Energ\u00eda ante posibles cortes de luz en el verano, el Gobierno decidi\u00f3 seguir ajustando las tarifas para que cada mes cubran un porcentaje mayor del costo de generaci\u00f3n el\u00e9ctrica.<\/p>\n<p>Seg\u00fan la resoluci\u00f3n 283\/2024, el nuevo precio de referencia de la energ\u00eda el\u00e9ctrica para los usuarios residenciales de altos ingresos, comercios e industrias subir\u00e1 de $61.526 a $63.187 el MWh (2,7%), aunque la Secretar\u00eda de Energ\u00eda aclar\u00f3 que el costo real sin subsidios es $68.016.<\/p>\n<p>Al igual que con el gas, los usuarios N2 y N3 mantendr\u00e1n adem\u00e1s un consumo bonificado hasta un volumen m\u00e1ximo, que es de 350 kWh por mes para los hogares de ingresos bajos y de 250 kWh para los de ingresos medios.<\/p>\n<p>Hasta ese tope de consumo, los usuarios N2 pagar\u00e1n el 28% del valor de referencia y los N3, el 44%; es decir, $17.692 (antes $17.227) y $27.802 (antes $27.071) el MWh. Esto equivale a una bonificaci\u00f3n de 72% y de 56%, respectivamente.<\/p>\n<p>En concreto, las industrias, comercios y los hogares de altos ingresos pagar\u00e1n el 93% de lo que cuesta la generaci\u00f3n el\u00e9ctrica; mientras los usuarios residenciales N2, el 26%, y los N3, el 41% por el consumo bonificado (y 93% sobre el excedente).<\/p>\n<p>A las entidades de bien p\u00fablico, clubes de barrio y de pueblo, y otras categor\u00edas de usuarios sin fines de lucro asimilables, que en total suman 5000 usuarios, se le aplicar\u00e1n las bonificaciones al precio de gas y de la electricidad correspondientes a los usuarios residenciales de ingresos bajos para el total del volumen consumido.<\/p>\n","protected":false},"excerpt":{"rendered":"<p>El precio que cobran las tarifas \u201cdebe necesariamente reflejar los costos reales estimados para producir la energ\u00eda que consume la demanda\u201d, argumentaron desde la Naci\u00f3n para justificar el aumento de 3 por ciento para octubre &nbsp; &nbsp; La Secretar\u00eda de Energ\u00eda de la Naci\u00f3n tom\u00f3 medidas distintas respecto a gas y luz para el mes de octubre. En electricidad, determin\u00f3 que el precio que cobran las tarifas \u201cdebe necesariamente reflejar los costos reales estimados para producir la energ\u00eda que consume la demanda\u201d, para explicar el aumento de 3%. En gas,&#8230;<\/p>\n","protected":false},"author":3,"featured_media":120963,"comment_status":"closed","ping_status":"closed","sticky":false,"template":"","format":"standard","meta":[],"categories":[15],"tags":[],"_links":{"self":[{"href":"https:\/\/www.actualidadadiario.com\/index.php\/wp-json\/wp\/v2\/posts\/120962"}],"collection":[{"href":"https:\/\/www.actualidadadiario.com\/index.php\/wp-json\/wp\/v2\/posts"}],"about":[{"href":"https:\/\/www.actualidadadiario.com\/index.php\/wp-json\/wp\/v2\/types\/post"}],"author":[{"embeddable":true,"href":"https:\/\/www.actualidadadiario.com\/index.php\/wp-json\/wp\/v2\/users\/3"}],"replies":[{"embeddable":true,"href":"https:\/\/www.actualidadadiario.com\/index.php\/wp-json\/wp\/v2\/comments?post=120962"}],"version-history":[{"count":1,"href":"https:\/\/www.actualidadadiario.com\/index.php\/wp-json\/wp\/v2\/posts\/120962\/revisions"}],"predecessor-version":[{"id":120964,"href":"https:\/\/www.actualidadadiario.com\/index.php\/wp-json\/wp\/v2\/posts\/120962\/revisions\/120964"}],"wp:featuredmedia":[{"embeddable":true,"href":"https:\/\/www.actualidadadiario.com\/index.php\/wp-json\/wp\/v2\/media\/120963"}],"wp:attachment":[{"href":"https:\/\/www.actualidadadiario.com\/index.php\/wp-json\/wp\/v2\/media?parent=120962"}],"wp:term":[{"taxonomy":"category","embeddable":true,"href":"https:\/\/www.actualidadadiario.com\/index.php\/wp-json\/wp\/v2\/categories?post=120962"},{"taxonomy":"post_tag","embeddable":true,"href":"https:\/\/www.actualidadadiario.com\/index.php\/wp-json\/wp\/v2\/tags?post=120962"}],"curies":[{"name":"wp","href":"https:\/\/api.w.org\/{rel}","templated":true}]}}