{"id":120960,"date":"2024-10-02T11:04:55","date_gmt":"2024-10-02T14:04:55","guid":{"rendered":"https:\/\/www.actualidadadiario.com\/?p=120960"},"modified":"2024-10-02T11:04:55","modified_gmt":"2024-10-02T14:04:55","slug":"numeros-contrapuestos-la-provincia-indico-que-el-43-de-los-docentes-fue-a-trabajar-para-agmer-el-90-adhirio-al-paro","status":"publish","type":"post","link":"https:\/\/www.actualidadadiario.com\/index.php\/2024\/10\/02\/numeros-contrapuestos-la-provincia-indico-que-el-43-de-los-docentes-fue-a-trabajar-para-agmer-el-90-adhirio-al-paro\/","title":{"rendered":"N\u00fameros contrapuestos: la Provincia indic\u00f3 que el 43% de los docentes fue a trabajar; para Agmer el 90% adhiri\u00f3 al paro"},"content":{"rendered":"<p style=\"text-align: center;\"><em><strong>Tras la difusi\u00f3n de cifras de parte del gobierno provincial acerca de un 43 % de presentismo docente en la primera jornada de un paro de 72 horas, el secretario gremial de Agmer Central, Guillermo Zampedri, sostuvo que el paro tuvo un acatamiento alt\u00edsimo en toda la provincia<\/strong><\/em><\/p>\n<p>&nbsp;<\/p>\n<p>&nbsp;<\/p>\n<p>&nbsp;<\/p>\n<p>\u201cCon picos en algunos departamentos del 98 %, en otros del 90 %, siempre superando el 90 %\u201d, dijo. Zampedri descree de las cifras del gobierno. \u201cAs\u00ed como se dice que la pauta le gana a la inflaci\u00f3n, se dice que los compa\u00f1eros van a trabajar\u201d, dijo. \u201cLos n\u00fameros del relevamiento que hacemos nos da un paro categ\u00f3rico y contundente. Las escuelas est\u00e1n vac\u00edas a lo largo y ancho de la provincia\u201d.<\/p>\n<p>Seg\u00fan el relevamiento de presentismo docente realizado desde el Consejo General de Educaci\u00f3n (CGE), el 43% de los docentes entrerrianos se presentaron a trabajar en las escuelas de la provincia, pese a los cinco d\u00edas de paro convocados desde Agmer, a los que adhirieron AMET y Sadop.<\/p>\n<p>Pero Zampedri remarc\u00f3 que el relevamiento que hicieron fue muy minucioso, escuela por escuela. \u201cNos da ese acatamiento muy alto que se expresa en una movilizaci\u00f3n con 10.000 compa\u00f1eros en la calle, recorriendo el microcentro de Paran\u00e1 y terminando en la Plaza Mansilla, plenamente colmada por los compa\u00f1eros lo que refleja el enorme malestar, la angustia, la tristeza que tienen por la dram\u00e1tica situaci\u00f3n que estamos atravesando los docentes\u201d, indic\u00f3. Aunque tambi\u00e9n admiti\u00f3 que los empleados estatales acompa\u00f1aron en buen n\u00famero.<\/p>\n<p>No obstante, el gobierno remarc\u00f3 que, seg\u00fan el relevamiento de presentismo docente realizado desde el Consejo General de Educaci\u00f3n (CGE), el 43% de los docentes entrerrianos se presentaron a trabajar en las escuelas de la provincia, pese a los cinco d\u00edas de paro convocados desde Agmer, a los que adhirieron AMET y Sadop. El relevamiento mostr\u00f3 departamentos en los que los \u00edndices de presentismo fueron notablemente altos: por ejemplo, en Diamante fue a trabajar el 83% de los maestros; y en Nogoy\u00e1 asisti\u00f3 el 66%. En promedio, en la \u00faltima huelga de la semana pasada se present\u00f3 a trabajar el 28% de los maestros, este martes el presentismo creci\u00f3 al 43% y se espera que siga aumentando de cara a los paros convocados por los sindicatos para mi\u00e9rcoles y jueves. Desde el CGE se anticip\u00f3 que los d\u00edas de paro ser\u00e1n descontados.<\/p>\n<p>El relevamiento mostr\u00f3 departamentos en los que los \u00edndices de presentismo fueron notablemente altos: por ejemplo, en Diamante fue a trabajar el 83% de los maestros; y en Nogoy\u00e1 asisti\u00f3 el 66%.<\/p>\n<p>&nbsp;<\/p>\n<p><strong>Acciones a seguir<\/strong><\/p>\n<p>Zampedri sostuvo que seguir\u00e1 el paro docente. Van a acompa\u00f1ar las manifestaciones que realicen los gremios universitarios en las diferentes ciudades entrerrianas. Paralelamente, indic\u00f3 que una delegaci\u00f3n, encabezada por el secretario general de Agmer, Marcelo Pagani, viajar\u00e1 a la CABA (Ciudad Aut\u00f3noma de Buenos Aires) donde estar\u00e1 el epicentro de la manifestaci\u00f3n.<\/p>\n<p>M\u00e1s adelante, indic\u00f3 que una vez terminada la huelga de 72 horas, volver\u00e1n a realizar asambleas en las escuelas. Pero esta vez no hay ofertas para analizar. En lugar de ello, ser\u00e1 para determinar las mejores estrategias para \u201ccontinuar la lucha\u201d. Zampedri manifest\u00f3 que el \u00fanico objetivo del gremio es recomponer el poder adquisitivo que se ha perdido en forma \u201cescandalosa\u201d en estos nueve meses de gobierno actual. \u201cQueremos una oferta que recomponga el salario docente porque entendemos, y lo vivimos d\u00eda a d\u00eda, que el 80 u 85 % de los docentes es pobre. Y nos han empobrecido las pol\u00edticas de (Javier) Milei y (Rogelio) Frigerio\u201d, sostuvo.<\/p>\n","protected":false},"excerpt":{"rendered":"<p>Tras la difusi\u00f3n de cifras de parte del gobierno provincial acerca de un 43 % de presentismo docente en la primera jornada de un paro de 72 horas, el secretario gremial de Agmer Central, Guillermo Zampedri, sostuvo que el paro tuvo un acatamiento alt\u00edsimo en toda la provincia &nbsp; &nbsp; &nbsp; \u201cCon picos en algunos departamentos del 98 %, en otros del 90 %, siempre superando el 90 %\u201d, dijo. Zampedri descree de las cifras del gobierno. \u201cAs\u00ed como se dice que la pauta le gana a la inflaci\u00f3n, se&#8230;<\/p>\n","protected":false},"author":3,"featured_media":120250,"comment_status":"closed","ping_status":"closed","sticky":false,"template":"","format":"standard","meta":[],"categories":[9],"tags":[],"_links":{"self":[{"href":"https:\/\/www.actualidadadiario.com\/index.php\/wp-json\/wp\/v2\/posts\/120960"}],"collection":[{"href":"https:\/\/www.actualidadadiario.com\/index.php\/wp-json\/wp\/v2\/posts"}],"about":[{"href":"https:\/\/www.actualidadadiario.com\/index.php\/wp-json\/wp\/v2\/types\/post"}],"author":[{"embeddable":true,"href":"https:\/\/www.actualidadadiario.com\/index.php\/wp-json\/wp\/v2\/users\/3"}],"replies":[{"embeddable":true,"href":"https:\/\/www.actualidadadiario.com\/index.php\/wp-json\/wp\/v2\/comments?post=120960"}],"version-history":[{"count":1,"href":"https:\/\/www.actualidadadiario.com\/index.php\/wp-json\/wp\/v2\/posts\/120960\/revisions"}],"predecessor-version":[{"id":120961,"href":"https:\/\/www.actualidadadiario.com\/index.php\/wp-json\/wp\/v2\/posts\/120960\/revisions\/120961"}],"wp:featuredmedia":[{"embeddable":true,"href":"https:\/\/www.actualidadadiario.com\/index.php\/wp-json\/wp\/v2\/media\/120250"}],"wp:attachment":[{"href":"https:\/\/www.actualidadadiario.com\/index.php\/wp-json\/wp\/v2\/media?parent=120960"}],"wp:term":[{"taxonomy":"category","embeddable":true,"href":"https:\/\/www.actualidadadiario.com\/index.php\/wp-json\/wp\/v2\/categories?post=120960"},{"taxonomy":"post_tag","embeddable":true,"href":"https:\/\/www.actualidadadiario.com\/index.php\/wp-json\/wp\/v2\/tags?post=120960"}],"curies":[{"name":"wp","href":"https:\/\/api.w.org\/{rel}","templated":true}]}}