{"id":12096,"date":"2017-05-24T09:34:04","date_gmt":"2017-05-24T12:34:04","guid":{"rendered":"http:\/\/actualidadadiario.com\/site\/?p=12096"},"modified":"2017-05-24T09:35:25","modified_gmt":"2017-05-24T12:35:25","slug":"cristina-se-reunio-con-los-intendentes-peronistas-mas-leales-de-cara-a-las-elecciones","status":"publish","type":"post","link":"https:\/\/www.actualidadadiario.com\/index.php\/2017\/05\/24\/cristina-se-reunio-con-los-intendentes-peronistas-mas-leales-de-cara-a-las-elecciones\/","title":{"rendered":"Cristina se reuni\u00f3 con los intendentes peronistas m\u00e1s leales de cara a las elecciones"},"content":{"rendered":"<p><em><strong>Con un mensaje a favor de encontrar la unidad del peronismo, la ex presidenta\u00a0Cristina de Kirchner reuni\u00f3 este martes a los intendentes m\u00e1s leales a su liderazgo en el Instituto Patria, donde se avanz\u00f3 en la estrategia pol\u00edtica de cara a las elecciones de este a\u00f1o<\/strong><\/em><\/p>\n<p>&nbsp;<\/p>\n<p>&nbsp;<\/p>\n<p>&nbsp;<\/p>\n<p>&nbsp;<\/p>\n<p>&nbsp;<\/p>\n<p>Uno de los jefes comunales con mayor llegada a la expresidenta se\u00f1al\u00f3, una vez finalizado el c\u00f3nclave, que &#8220;no se habl\u00f3 de candidaturas&#8221;, pero acto seguido, consultado sobre una potencial postulaci\u00f3n de la jefa del Frente para la Victoria, sacudi\u00f3 con una bomba: &#8220;No hay plan B, ella es la salvaci\u00f3n&#8221;.<\/p>\n<p>&nbsp;<\/p>\n<p>Hasta el b\u00fanker kirchnerista se acercaron 20 intendentes: Ver\u00f3nica Magario (La Matanza), Mario Secco (Ensenada), Jorge Ferraresi (Avellaneda), Francisco Dura\u00f1ona (San Antonio de Areco), Pablo Zurro (Pehuajo), Walter Festa (Moreno), Juan Ignacio Ustarroz (Mercedes), Juan Patricio Mussi (Berazategui), Juan Carlos Gasparini (Lobos), An\u00edbal Regueiro (Presidente Per\u00f3n) y Hernan Yzurieta (Punta Indio), Alberto Conocchiari (Leandro Alem), Gustavo Cocconi (Tapalqu\u00e9), Santiago Maggioti (Navarro), Gustavo Barrera (Villa Gesell), Oscar Oistoch (Capit\u00e1n Sarmiento), Hern\u00e1n Ralinqueo (25 de Mayo), Osvaldo Caffaro (Zarate), Mauro Poletti (Ramallo) y Ricardo Curuchet (Marcos Paz).<\/p>\n<p>&nbsp;<\/p>\n<p>La reuni\u00f3n, que se extendi\u00f3 por m\u00e1s de dos horas, fue gestionada por Ferraresi y Secco, quienes durante la entrevista privada que mantuvieron con Cristina el viernes pasado en el departamento que la exjefa de Estado tiene en Recoleta le manifestaron la inquietud de ampliar la convocatoria al resto de los intendentes del Grupo Patria, el colectivo en el que se encuentran agrupados los jefes comunales con mayor afinidad al kirchnerismo.<\/p>\n<p>&nbsp;<\/p>\n<p>Al encuentro tambi\u00e9n se sum\u00f3 Magario, quien suena como posible candidata en las listas bonaerenses, y fueron marginados los intendentes d\u00edscolos que la semana pasada decidieron ausentarse en un acto que encabez\u00f3 M\u00e1ximo Kirchner, en una maniobra de presi\u00f3n que golpe\u00f3 el proceso de unidad que se estaba poniendo en marcha para enfrentar al exministro Florencio Randazzo.<\/p>\n<p>&nbsp;<\/p>\n<p>&#8220;Esta fue una primera reuni\u00f3n con un primer grupo de intendentes y suponemos que Cristina se ir\u00e1 reuniendo con el resto de los intendentes&#8221;, aclar\u00f3 Magario, quien recalc\u00f3 que la vocaci\u00f3n tanto de Cristina Kirchner como de los jefes comunales que hoy dieron el presente en el Instituto Patria es la de conformar una unidad amplia, incluyendo incluso al propio Randazzo.<\/p>\n<p>&nbsp;<\/p>\n<p>Por su parte, Secco ratific\u00f3 la idea de ampliar las fronteras para confluir en una propuesta lo m\u00e1s abarcativa posible, y destac\u00f3, en clara alusi\u00f3n a Randazzo, que &#8220;el que se quede afuera es porque quiere&#8221; y no porque alguien se lo &#8220;proh\u00edba&#8221;.<\/p>\n<p>&nbsp;<\/p>\n<p>En este sentido, cuestion\u00f3 a los intendentes del grupo F\u00e9nix y del Esmeralda que protagonizaron la rebeli\u00f3n en el plenario bonaerense del Frente para la Victoria, y los acus\u00f3 de anteponer &#8220;intereses personales&#8221; y de &#8220;especular&#8221;.<\/p>\n<p>&nbsp;<\/p>\n<p>&#8220;Hay compa\u00f1eros que tienen intereses personales de querer ser y amagan. Esto siempre existi\u00f3, pero antes se hac\u00eda a escondidas y ahora se hace p\u00fablicamente&#8221;, se\u00f1al\u00f3.<\/p>\n<p>&nbsp;<\/p>\n<p>Y agreg\u00f3 que mientras los intendentes del Grupo Patria est\u00e1n convencidos que &#8220;la gran ordenadora&#8221; del peronismo es Cristina Kirchner, &#8220;del otro lado especulan hasta que ven los votos en sus distritos&#8221;.<\/p>\n<p>&nbsp;<\/p>\n<p>&#8220;Cristina mide 45 puntos en algunos distritos y especulan pero cuando llegue el final y toque la campa\u00f1a, \u00bfqu\u00e9 van a hacer?&#8221;, desafi\u00f3.<\/p>\n<p>&nbsp;<\/p>\n<p>Consultado sobre Randazzo, Secco se\u00f1al\u00f3 que desde el kirchnerismo lo van a &#8220;seguir invitando&#8221; para formar parte de un esquema de unidad.<\/p>\n<p>&nbsp;<\/p>\n<p>&#8220;No se descarta a Randazzo, lo vamos a seguir invitando. No vamos a ser los que dejemos a alguien afuera. El que se quede afuera es porque quiere. Si quiere ir solo, tiene derecho, nadie se lo va a prohibir. A nosotros nos gustar\u00eda que est\u00e9 con nosotros. Si \u00e9l sigue en una posici\u00f3n unipersonalista con dos o tres que lo acompa\u00f1en, pagar\u00e1 las consecuencias de ese individualismo&#8221;, advirti\u00f3, y agreg\u00f3 que &#8220;hay muchos compa\u00f1eros que hacen esas jugadas para valorizarse&#8221;.<\/p>\n<p>&nbsp;<\/p>\n<p>La expresidenta se retir\u00f3 del Instituto Patria sin brindar declaraciones a la prensa, en medio del clamor de simpatizantes que se acercaron al Instituto Patria para saludar a su l\u00edder, a quien despidieron con el ya cl\u00e1sico grito de guerra kirchnerista: &#8220;Vamos a volver&#8221;.<\/p>\n","protected":false},"excerpt":{"rendered":"<p>Con un mensaje a favor de encontrar la unidad del peronismo, la ex presidenta\u00a0Cristina de Kirchner reuni\u00f3 este martes a los intendentes m\u00e1s leales a su liderazgo en el Instituto Patria, donde se avanz\u00f3 en la estrategia pol\u00edtica de cara a las elecciones de este a\u00f1o &nbsp; &nbsp; &nbsp; &nbsp; &nbsp; Uno de los jefes comunales con mayor llegada a la expresidenta se\u00f1al\u00f3, una vez finalizado el c\u00f3nclave, que &#8220;no se habl\u00f3 de candidaturas&#8221;, pero acto seguido, consultado sobre una potencial postulaci\u00f3n de la jefa del Frente para la Victoria,&#8230;<\/p>\n","protected":false},"author":3,"featured_media":12097,"comment_status":"closed","ping_status":"closed","sticky":false,"template":"","format":"standard","meta":[],"categories":[9,18],"tags":[],"_links":{"self":[{"href":"https:\/\/www.actualidadadiario.com\/index.php\/wp-json\/wp\/v2\/posts\/12096"}],"collection":[{"href":"https:\/\/www.actualidadadiario.com\/index.php\/wp-json\/wp\/v2\/posts"}],"about":[{"href":"https:\/\/www.actualidadadiario.com\/index.php\/wp-json\/wp\/v2\/types\/post"}],"author":[{"embeddable":true,"href":"https:\/\/www.actualidadadiario.com\/index.php\/wp-json\/wp\/v2\/users\/3"}],"replies":[{"embeddable":true,"href":"https:\/\/www.actualidadadiario.com\/index.php\/wp-json\/wp\/v2\/comments?post=12096"}],"version-history":[{"count":1,"href":"https:\/\/www.actualidadadiario.com\/index.php\/wp-json\/wp\/v2\/posts\/12096\/revisions"}],"predecessor-version":[{"id":12098,"href":"https:\/\/www.actualidadadiario.com\/index.php\/wp-json\/wp\/v2\/posts\/12096\/revisions\/12098"}],"wp:featuredmedia":[{"embeddable":true,"href":"https:\/\/www.actualidadadiario.com\/index.php\/wp-json\/wp\/v2\/media\/12097"}],"wp:attachment":[{"href":"https:\/\/www.actualidadadiario.com\/index.php\/wp-json\/wp\/v2\/media?parent=12096"}],"wp:term":[{"taxonomy":"category","embeddable":true,"href":"https:\/\/www.actualidadadiario.com\/index.php\/wp-json\/wp\/v2\/categories?post=12096"},{"taxonomy":"post_tag","embeddable":true,"href":"https:\/\/www.actualidadadiario.com\/index.php\/wp-json\/wp\/v2\/tags?post=12096"}],"curies":[{"name":"wp","href":"https:\/\/api.w.org\/{rel}","templated":true}]}}