{"id":120950,"date":"2024-10-01T13:30:23","date_gmt":"2024-10-01T16:30:23","guid":{"rendered":"https:\/\/www.actualidadadiario.com\/?p=120950"},"modified":"2024-10-01T13:30:23","modified_gmt":"2024-10-01T16:30:23","slug":"brasil-la-nube-de-humo-provocada-por-miles-de-incendios-cubre-el-80-del-territorio","status":"publish","type":"post","link":"https:\/\/www.actualidadadiario.com\/index.php\/2024\/10\/01\/brasil-la-nube-de-humo-provocada-por-miles-de-incendios-cubre-el-80-del-territorio\/","title":{"rendered":"Brasil: la nube de humo provocada por miles de incendios cubre el 80% del territorio"},"content":{"rendered":"<p style=\"text-align: center;\"><em><strong>&#8220;Suponiendo que todo el mundo dejara de encender fuegos, el humo durar\u00eda aproximadamente una semana&#8221;, calcul\u00f3 una funcionaria<\/strong><\/em><\/p>\n<p>&nbsp;<\/p>\n<p>&nbsp;<\/p>\n<p>Los miles de incendios que sufre Brasil provocaban una nube de humo que cubre el 80 por ciento del territorio nacional, seg\u00fan datos emitidos por el estatal Instituto Nacional de Pesquisas Espaciales (Inpe).<\/p>\n<p>Aunque la columna de humo que cubre Brasil no es nueva, esta vez lleg\u00f3 a lugares antes inveros\u00edmiles, como los estados de Rio Grande do Sul (sur), S\u00e3o Paulo (sureste) y el sur de Bah\u00eda (noreste), declar\u00f3 a la agencia de noticias Xinhua la especialista en qu\u00edmica atmosf\u00e9rica del Inpe Karla Longo.<\/p>\n<p>&#8220;El intenso calor que hemos experimentado este invierno ha hecho que la forma de la pluma haya pasado con m\u00e1s frecuencia e intensidad por el sudeste y el sur. En menor medida, tambi\u00e9n pas\u00f3 por los estados de Goi\u00e1s, Minas Gerais e incluso el sur de Bah\u00eda, hechos que normalmente no ocurr\u00edan&#8221;, afirm\u00f3 Longo.<\/p>\n<p>La investigadora advierte de que, con estaciones m\u00e1s c\u00e1lidas y secas, es posible que el territorio brasile\u00f1o se vuelva cada vez m\u00e1s nublado a medida que avance el cambio clim\u00e1tico.<\/p>\n<p>El pasado jueves, por primera vez desde el inicio de la estaci\u00f3n seca, la nube de humo conect\u00f3 con los corredores de humedad de la Amazonia, provocando inestabilidades en la atm\u00f3sfera desde el sur de Brasil hasta el noroeste de Amazonas. Estas inestabilidades produjeron chubascos aislados, aunque el fen\u00f3meno tambi\u00e9n est\u00e1 relacionado con la lluvia negra, resultado de la mezcla del agua con el holl\u00edn que transporta el humo.<\/p>\n<p>&#8220;Suponiendo que todo el mundo dejara de encender fuegos, el humo durar\u00eda aproximadamente una semana&#8221;, subray\u00f3.<\/p>\n<p>Seg\u00fan Longo, el humo generado por un incendio puede permanecer en la atm\u00f3sfera hasta diez d\u00edas, afectando a la calidad del aire con part\u00edculas nocivas para la salud, como las PM 2,5 (part\u00edculas de 2,5 micr\u00f3metros, que pueden penetrar en las capas m\u00e1s profundas del pulm\u00f3n).\u00a0 Aunque en parte del pa\u00eds la situaci\u00f3n debe mejorar pr\u00f3ximamente, en la Amazonia no habr\u00e1 alivio pronto, ya que se prev\u00e9 sequ\u00eda hasta final de octubre, indic\u00f3 Longo.<\/p>\n","protected":false},"excerpt":{"rendered":"<p>&#8220;Suponiendo que todo el mundo dejara de encender fuegos, el humo durar\u00eda aproximadamente una semana&#8221;, calcul\u00f3 una funcionaria &nbsp; &nbsp; Los miles de incendios que sufre Brasil provocaban una nube de humo que cubre el 80 por ciento del territorio nacional, seg\u00fan datos emitidos por el estatal Instituto Nacional de Pesquisas Espaciales (Inpe). Aunque la columna de humo que cubre Brasil no es nueva, esta vez lleg\u00f3 a lugares antes inveros\u00edmiles, como los estados de Rio Grande do Sul (sur), S\u00e3o Paulo (sureste) y el sur de Bah\u00eda (noreste), declar\u00f3&#8230;<\/p>\n","protected":false},"author":3,"featured_media":120951,"comment_status":"closed","ping_status":"closed","sticky":false,"template":"","format":"standard","meta":[],"categories":[4],"tags":[],"_links":{"self":[{"href":"https:\/\/www.actualidadadiario.com\/index.php\/wp-json\/wp\/v2\/posts\/120950"}],"collection":[{"href":"https:\/\/www.actualidadadiario.com\/index.php\/wp-json\/wp\/v2\/posts"}],"about":[{"href":"https:\/\/www.actualidadadiario.com\/index.php\/wp-json\/wp\/v2\/types\/post"}],"author":[{"embeddable":true,"href":"https:\/\/www.actualidadadiario.com\/index.php\/wp-json\/wp\/v2\/users\/3"}],"replies":[{"embeddable":true,"href":"https:\/\/www.actualidadadiario.com\/index.php\/wp-json\/wp\/v2\/comments?post=120950"}],"version-history":[{"count":1,"href":"https:\/\/www.actualidadadiario.com\/index.php\/wp-json\/wp\/v2\/posts\/120950\/revisions"}],"predecessor-version":[{"id":120952,"href":"https:\/\/www.actualidadadiario.com\/index.php\/wp-json\/wp\/v2\/posts\/120950\/revisions\/120952"}],"wp:featuredmedia":[{"embeddable":true,"href":"https:\/\/www.actualidadadiario.com\/index.php\/wp-json\/wp\/v2\/media\/120951"}],"wp:attachment":[{"href":"https:\/\/www.actualidadadiario.com\/index.php\/wp-json\/wp\/v2\/media?parent=120950"}],"wp:term":[{"taxonomy":"category","embeddable":true,"href":"https:\/\/www.actualidadadiario.com\/index.php\/wp-json\/wp\/v2\/categories?post=120950"},{"taxonomy":"post_tag","embeddable":true,"href":"https:\/\/www.actualidadadiario.com\/index.php\/wp-json\/wp\/v2\/tags?post=120950"}],"curies":[{"name":"wp","href":"https:\/\/api.w.org\/{rel}","templated":true}]}}