{"id":120947,"date":"2024-10-01T13:27:41","date_gmt":"2024-10-01T16:27:41","guid":{"rendered":"https:\/\/www.actualidadadiario.com\/?p=120947"},"modified":"2024-10-01T13:27:41","modified_gmt":"2024-10-01T16:27:41","slug":"nayib-bukele-enfrenta-denuncias-por-violaciones-a-los-derechos-humanos","status":"publish","type":"post","link":"https:\/\/www.actualidadadiario.com\/index.php\/2024\/10\/01\/nayib-bukele-enfrenta-denuncias-por-violaciones-a-los-derechos-humanos\/","title":{"rendered":"Nayib Bukele enfrenta denuncias por violaciones a los derechos humanos"},"content":{"rendered":"<p><em><strong>Amnist\u00eda Internacional menciona 78.000 detenciones arbitrarias, 327 casos de desapariciones forzadas y al menos 235 muertes en las c\u00e1rceles hasta febrero<\/strong><\/em><\/p>\n<p>&nbsp;<\/p>\n<p>&nbsp;<\/p>\n<p>El presidente de El Salvador, Nayib Bukkele, soporta denuncias de organismos internacionales por violaciones a los derechos humanos, cometidas durante sus mandatos.<\/p>\n<p>Seg\u00fan Amnist\u00eda Internacional, hasta febrero de 2024, varias organizaciones y medios locales registraron m\u00e1s de 78.000 detenciones arbitrarias, 327 casos de desapariciones forzadas y al menos 235 muertes en las c\u00e1rceles.<\/p>\n<p>&#8220;Se ha generado la ilusi\u00f3n err\u00f3nea de que el presidente Bukele ha encontrado la f\u00f3rmula m\u00e1gica para resolver problemas muy complejos \u2013como el de la violencia y la criminalidad\u2013, de manera aparentemente sencilla. Sin embargo, no puede ser un \u00e9xito reducir la violencia pandilleril sustituy\u00e9ndola por violencia estatal&#8221;, expres\u00f3 Ana Piquer, directora para las Am\u00e9ricas de Amnist\u00eda Internacional.<\/p>\n<p>A lo largo de su primer mandato, el salvadore\u00f1o utiliz\u00f3 su lucha contra las maras como su principal caballo de batalla, lo que lo llev\u00f3 a lograr la reelecci\u00f3n este a\u00f1o, analiza el sitio Newsweek Argentina.<\/p>\n<p>Por su parte, la ONG Human Rights Watch (HRW) public\u00f3 un informe en el que advirti\u00f3 sobre las consecuencias del r\u00e9gimen de excepci\u00f3n impulsado por Bukele, especialmente los abusos a los menores de edad, con detenidos desde los 12 a\u00f1os.<\/p>\n<p>&#8220;El r\u00e9gimen de excepci\u00f3n se ve bien hasta que lo tocan a uno. Porque el presidente dijo que era para capturar a las pandillas, pero se est\u00e1 llevando a gente inocente&#8221;, coment\u00f3 la mam\u00e1 de un adolescente detenido acusado de haber escrito graffitis.<\/p>\n<p>A esto se suman las detenciones de opositores a Bukele; entre ellos Rub\u00e9n Ignacio Zamora, abogado, ex candidato presidencial y ex embajador de El Salvador ante la Casa Blanca. O la de Giovanni Aguirre L\u00f3pez, un sindicalista y miembro del Bloque de Resistencia y Rebeld\u00eda Popular.<\/p>\n","protected":false},"excerpt":{"rendered":"<p>Amnist\u00eda Internacional menciona 78.000 detenciones arbitrarias, 327 casos de desapariciones forzadas y al menos 235 muertes en las c\u00e1rceles hasta febrero &nbsp; &nbsp; El presidente de El Salvador, Nayib Bukkele, soporta denuncias de organismos internacionales por violaciones a los derechos humanos, cometidas durante sus mandatos. Seg\u00fan Amnist\u00eda Internacional, hasta febrero de 2024, varias organizaciones y medios locales registraron m\u00e1s de 78.000 detenciones arbitrarias, 327 casos de desapariciones forzadas y al menos 235 muertes en las c\u00e1rceles. &#8220;Se ha generado la ilusi\u00f3n err\u00f3nea de que el presidente Bukele ha encontrado la&#8230;<\/p>\n","protected":false},"author":3,"featured_media":120948,"comment_status":"closed","ping_status":"closed","sticky":false,"template":"","format":"standard","meta":[],"categories":[4],"tags":[],"_links":{"self":[{"href":"https:\/\/www.actualidadadiario.com\/index.php\/wp-json\/wp\/v2\/posts\/120947"}],"collection":[{"href":"https:\/\/www.actualidadadiario.com\/index.php\/wp-json\/wp\/v2\/posts"}],"about":[{"href":"https:\/\/www.actualidadadiario.com\/index.php\/wp-json\/wp\/v2\/types\/post"}],"author":[{"embeddable":true,"href":"https:\/\/www.actualidadadiario.com\/index.php\/wp-json\/wp\/v2\/users\/3"}],"replies":[{"embeddable":true,"href":"https:\/\/www.actualidadadiario.com\/index.php\/wp-json\/wp\/v2\/comments?post=120947"}],"version-history":[{"count":1,"href":"https:\/\/www.actualidadadiario.com\/index.php\/wp-json\/wp\/v2\/posts\/120947\/revisions"}],"predecessor-version":[{"id":120949,"href":"https:\/\/www.actualidadadiario.com\/index.php\/wp-json\/wp\/v2\/posts\/120947\/revisions\/120949"}],"wp:featuredmedia":[{"embeddable":true,"href":"https:\/\/www.actualidadadiario.com\/index.php\/wp-json\/wp\/v2\/media\/120948"}],"wp:attachment":[{"href":"https:\/\/www.actualidadadiario.com\/index.php\/wp-json\/wp\/v2\/media?parent=120947"}],"wp:term":[{"taxonomy":"category","embeddable":true,"href":"https:\/\/www.actualidadadiario.com\/index.php\/wp-json\/wp\/v2\/categories?post=120947"},{"taxonomy":"post_tag","embeddable":true,"href":"https:\/\/www.actualidadadiario.com\/index.php\/wp-json\/wp\/v2\/tags?post=120947"}],"curies":[{"name":"wp","href":"https:\/\/api.w.org\/{rel}","templated":true}]}}