{"id":120945,"date":"2024-10-01T13:26:10","date_gmt":"2024-10-01T16:26:10","guid":{"rendered":"https:\/\/www.actualidadadiario.com\/?p=120945"},"modified":"2024-10-01T13:32:27","modified_gmt":"2024-10-01T16:32:27","slug":"assange-dice-que-recupero-su-libertad-porque-se-declaro-culpable-de-periodismo","status":"publish","type":"post","link":"https:\/\/www.actualidadadiario.com\/index.php\/2024\/10\/01\/assange-dice-que-recupero-su-libertad-porque-se-declaro-culpable-de-periodismo\/","title":{"rendered":"Assange dice que recuper\u00f3 su libertad porque se declar\u00f3 \u00abculpable de periodismo\u00bb"},"content":{"rendered":"<p style=\"text-align: center;\"><em><strong>El fundador de WikiLeaks habl\u00f3 en la Asamblea del Consejo de Europa sobre la acusaci\u00f3n de espionaje de EEUU que lo dej\u00f3 entre rejas 62 meses en Londres<\/strong><\/em><\/p>\n<p>&nbsp;<\/p>\n<p>&nbsp;<\/p>\n<p>El fundador de WikiLeaks, el australiano Julian Assange, asegur\u00f3 este martes que est\u00e1 libre porque se declar\u00f3 \u201cculpable de periodismo\u201d, a la vez que dijo que espera que su testimonio pueda \u00abayudar a aquellos cuyos casos son menos visibles, pero que son igual de vulnerables\u00bb.<\/p>\n<p>\u201cQuiero ser totalmente claro: hoy no estoy libre porque el sistema haya funcionado, hoy estoy libre tras a\u00f1os de encarcelamiento porque me declar\u00e9 culpable de periodismo\u201d, expres\u00f3 Assange ante el Consejo de Europa.<\/p>\n<p>Assange viaj\u00f3 este martes a la ciudad francesa de Estrasburgo para comparecer ante la Asamblea Parlamentaria del Consejo de Europa (APCE) y aportar pruebas sobre su detenci\u00f3n y condena y sobre sus efectos en los derechos humanos.<\/p>\n<p>La puesta en libertad de Assange fue posible tras un acuerdo con el Departamento de Justicia de Estados Unidos, seg\u00fan el cual, se declar\u00f3 culpable de violar una ley de espionaje que data de la Primera Guerra Mundial, lo que supon\u00eda una condena de 62 meses de c\u00e1rcel, que qued\u00f3 anulada por el tiempo ya cumplido en Belmarsh, a cambio de poder regresar a Australia.<\/p>\n<p>Assange dijo esperar que su testimonio pueda \u00abayudar a aquellos cuyos casos son menos visibles, pero que son igual de vulnerables\u00bb, mientras que dijo que existe cada vez \u00abm\u00e1s impunidad, m\u00e1s secretismo, m\u00e1s represalias contra quienes dicen la verdad y que hay \u00abm\u00e1s autocensura\u00bb.<\/p>\n<p>En junio pasado, Assange fue puesto en libertad tras aceptar declararse culpable de un \u00fanico cargo de delito grave a cambio de tiempo cumplido y el acuerdo se cerr\u00f3 en un remoto tribunal estadounidense del Pac\u00edfico antes de que volara a su Australia natal.<\/p>\n<p>Estuvo cinco a\u00f1os encerrado en la prisi\u00f3n londinense de alta seguridad de Belmarsh y casi siete a\u00f1os refugiado en la embajada de Ecuador en la capital brit\u00e1nica, en un intento de evitar pasar el resto de su vida entre rejas.<\/p>\n<p>Assange estuvo acompa\u00f1ado de su esposa Stella y del redactor jefe de WikiLeaks, Kristinn Hrafnsson, se mostr\u00f3 tranquilo y relajado durante su declaraci\u00f3n de este martes, de unos 20 minutos de duraci\u00f3n.<\/p>\n","protected":false},"excerpt":{"rendered":"<p>El fundador de WikiLeaks habl\u00f3 en la Asamblea del Consejo de Europa sobre la acusaci\u00f3n de espionaje de EEUU que lo dej\u00f3 entre rejas 62 meses en Londres &nbsp; &nbsp; El fundador de WikiLeaks, el australiano Julian Assange, asegur\u00f3 este martes que est\u00e1 libre porque se declar\u00f3 \u201cculpable de periodismo\u201d, a la vez que dijo que espera que su testimonio pueda \u00abayudar a aquellos cuyos casos son menos visibles, pero que son igual de vulnerables\u00bb. \u201cQuiero ser totalmente claro: hoy no estoy libre porque el sistema haya funcionado, hoy estoy&#8230;<\/p>\n","protected":false},"author":3,"featured_media":120953,"comment_status":"closed","ping_status":"closed","sticky":false,"template":"","format":"standard","meta":[],"categories":[4],"tags":[],"_links":{"self":[{"href":"https:\/\/www.actualidadadiario.com\/index.php\/wp-json\/wp\/v2\/posts\/120945"}],"collection":[{"href":"https:\/\/www.actualidadadiario.com\/index.php\/wp-json\/wp\/v2\/posts"}],"about":[{"href":"https:\/\/www.actualidadadiario.com\/index.php\/wp-json\/wp\/v2\/types\/post"}],"author":[{"embeddable":true,"href":"https:\/\/www.actualidadadiario.com\/index.php\/wp-json\/wp\/v2\/users\/3"}],"replies":[{"embeddable":true,"href":"https:\/\/www.actualidadadiario.com\/index.php\/wp-json\/wp\/v2\/comments?post=120945"}],"version-history":[{"count":1,"href":"https:\/\/www.actualidadadiario.com\/index.php\/wp-json\/wp\/v2\/posts\/120945\/revisions"}],"predecessor-version":[{"id":120946,"href":"https:\/\/www.actualidadadiario.com\/index.php\/wp-json\/wp\/v2\/posts\/120945\/revisions\/120946"}],"wp:featuredmedia":[{"embeddable":true,"href":"https:\/\/www.actualidadadiario.com\/index.php\/wp-json\/wp\/v2\/media\/120953"}],"wp:attachment":[{"href":"https:\/\/www.actualidadadiario.com\/index.php\/wp-json\/wp\/v2\/media?parent=120945"}],"wp:term":[{"taxonomy":"category","embeddable":true,"href":"https:\/\/www.actualidadadiario.com\/index.php\/wp-json\/wp\/v2\/categories?post=120945"},{"taxonomy":"post_tag","embeddable":true,"href":"https:\/\/www.actualidadadiario.com\/index.php\/wp-json\/wp\/v2\/tags?post=120945"}],"curies":[{"name":"wp","href":"https:\/\/api.w.org\/{rel}","templated":true}]}}