{"id":120936,"date":"2024-10-01T12:45:16","date_gmt":"2024-10-01T15:45:16","guid":{"rendered":"https:\/\/www.actualidadadiario.com\/?p=120936"},"modified":"2024-10-01T12:45:16","modified_gmt":"2024-10-01T15:45:16","slug":"el-gobierno-aplico-un-plus-en-los-salarios-de-las-fuerzas-armadas","status":"publish","type":"post","link":"https:\/\/www.actualidadadiario.com\/index.php\/2024\/10\/01\/el-gobierno-aplico-un-plus-en-los-salarios-de-las-fuerzas-armadas\/","title":{"rendered":"El Gobierno aplic\u00f3 un plus en los salarios de las Fuerzas Armadas"},"content":{"rendered":"<p style=\"text-align: center;\"><em><strong>Al aumento de haberes sum\u00f3 un extra para equiparar los sueldos a los de las fuerzas de seguridad. Se public\u00f3 en el Bolet\u00edn Oficial con firmas de Caputo y Petri<\/strong><\/em><\/p>\n<p>&nbsp;<\/p>\n<p>&nbsp;<\/p>\n<p>En el Bolet\u00edn Oficial a trav\u00e9s de la resoluci\u00f3n conjunta que firmaron los ministros Luis Caputo, Econom\u00eda, y Luis Petri, Defensa, el Gobierno confirm\u00f3 el aumento a las Fuerzas Armadas seg\u00fan la pauta salarial de la Administraci\u00f3n P\u00fablica Nacional.<\/p>\n<p>El presidente Javier Milei autoriz\u00f3 una yapa, la minicuota de jerarquizaci\u00f3n que retoma el plan de adecuaci\u00f3n salarial iniciado por el entonces ministro Jorge Taiana para acortar la brecha entre haberes militares y de fuerzas de seguridad. La mejora alcanza un 5 por ciento en la remuneraci\u00f3n b\u00e1sica a partir del 1\u00b0 de octubre.<\/p>\n<p>El presidente Milei en su rol de Comandante en Jefe dijo en la previa al brindis de camarader\u00eda con uniformados que se realiz\u00f3 en agosto pasado que solucionar\u00eda el reclamo militar de igualar salarios castrenses y de fuerzas federales y lo condicion\u00f3 a la mejora en la situaci\u00f3n econ\u00f3mica del pa\u00eds. Milei describi\u00f3 en el reciente acto del Dia de la Industria ante la UIA: \u201cPoco a poco, todos estos esfuerzos &#8211; tanto en el plano de corregir la macro como en el de las reformas estructurales &#8211; se est\u00e1n traduciendo en mejoras palpables en la actividad econ\u00f3mica\u201d.<\/p>\n<p>Ser\u00eda el aval para el Considerando de la resoluci\u00f3n firmada por Caputo y Petri de luz verde a la adecuaci\u00f3n salarial que esperaban los uniformados. Se lee: \u201c\u2026que resulta pertinente considerar a partir del mes de octubre del corriente a\u00f1o, la \u00faltima etapa de jerarquizaci\u00f3n iniciada oportunamente por medio de la Resoluci\u00f3n Conjunta entre el Ministerio de Econom\u00eda y el Ministerio de Defensa N\u00b012 del 28 de febrero de 2023\u201d.<\/p>\n<p>El gui\u00f1o de Milei al frente militar es el primer pelda\u00f1o en una escalera hacia la equiparaci\u00f3n de salarios con las fuerzas de seguridad que tienen haberes que superan en un 20 por ciento promedio a los del Ej\u00e9rcito, Armada y Fuerza A\u00e9rea.<\/p>\n<p>La Administraci\u00f3n de La Libertad Avanza reanuda as\u00ed el plan de equiparaci\u00f3n concebido por el gobierno anterior. Era un pago escalonado que arranc\u00f3 en 2023, la primera cuota de 14% en marzo, otro 14% en julio, un 12% en noviembre y restaban dos de 10 por ciento a percibir en enero y en abril de 2024. Las dos \u00faltimas fueron suspendidas y Luis Petri responsabiliz\u00f3 al kirchnerismo por no prever la partida presupuestaria correspondiente para afrontar las cuotas.<\/p>\n<p>La debacle econ\u00f3mica de Sergio Massa lo torn\u00f3 insustentable. La ret\u00f3rica pol\u00edtica lo calific\u00f3 de \u201cplan platita\u201d en b\u00fasqueda de votos. Si fue pensado con fines electorales el plan no result\u00f3. Las urnas demostraron la preferencia de los uniformados por la f\u00f3rmula Milei-Villarruel en distritos donde se asientan las bases m\u00e1s importantes de las fuerzas armadas, aunque fue la vicepresidente quien traccion\u00f3 el voto militar.<\/p>\n","protected":false},"excerpt":{"rendered":"<p>Al aumento de haberes sum\u00f3 un extra para equiparar los sueldos a los de las fuerzas de seguridad. Se public\u00f3 en el Bolet\u00edn Oficial con firmas de Caputo y Petri &nbsp; &nbsp; En el Bolet\u00edn Oficial a trav\u00e9s de la resoluci\u00f3n conjunta que firmaron los ministros Luis Caputo, Econom\u00eda, y Luis Petri, Defensa, el Gobierno confirm\u00f3 el aumento a las Fuerzas Armadas seg\u00fan la pauta salarial de la Administraci\u00f3n P\u00fablica Nacional. El presidente Javier Milei autoriz\u00f3 una yapa, la minicuota de jerarquizaci\u00f3n que retoma el plan de adecuaci\u00f3n salarial iniciado&#8230;<\/p>\n","protected":false},"author":3,"featured_media":120937,"comment_status":"closed","ping_status":"closed","sticky":false,"template":"","format":"standard","meta":[],"categories":[18],"tags":[],"_links":{"self":[{"href":"https:\/\/www.actualidadadiario.com\/index.php\/wp-json\/wp\/v2\/posts\/120936"}],"collection":[{"href":"https:\/\/www.actualidadadiario.com\/index.php\/wp-json\/wp\/v2\/posts"}],"about":[{"href":"https:\/\/www.actualidadadiario.com\/index.php\/wp-json\/wp\/v2\/types\/post"}],"author":[{"embeddable":true,"href":"https:\/\/www.actualidadadiario.com\/index.php\/wp-json\/wp\/v2\/users\/3"}],"replies":[{"embeddable":true,"href":"https:\/\/www.actualidadadiario.com\/index.php\/wp-json\/wp\/v2\/comments?post=120936"}],"version-history":[{"count":1,"href":"https:\/\/www.actualidadadiario.com\/index.php\/wp-json\/wp\/v2\/posts\/120936\/revisions"}],"predecessor-version":[{"id":120938,"href":"https:\/\/www.actualidadadiario.com\/index.php\/wp-json\/wp\/v2\/posts\/120936\/revisions\/120938"}],"wp:featuredmedia":[{"embeddable":true,"href":"https:\/\/www.actualidadadiario.com\/index.php\/wp-json\/wp\/v2\/media\/120937"}],"wp:attachment":[{"href":"https:\/\/www.actualidadadiario.com\/index.php\/wp-json\/wp\/v2\/media?parent=120936"}],"wp:term":[{"taxonomy":"category","embeddable":true,"href":"https:\/\/www.actualidadadiario.com\/index.php\/wp-json\/wp\/v2\/categories?post=120936"},{"taxonomy":"post_tag","embeddable":true,"href":"https:\/\/www.actualidadadiario.com\/index.php\/wp-json\/wp\/v2\/tags?post=120936"}],"curies":[{"name":"wp","href":"https:\/\/api.w.org\/{rel}","templated":true}]}}