{"id":120934,"date":"2024-10-01T12:41:33","date_gmt":"2024-10-01T15:41:33","guid":{"rendered":"https:\/\/www.actualidadadiario.com\/?p=120934"},"modified":"2024-10-01T12:41:33","modified_gmt":"2024-10-01T15:41:33","slug":"milei-viajara-a-mar-del-plata-para-participar-del-coloquio-de-idea","status":"publish","type":"post","link":"https:\/\/www.actualidadadiario.com\/index.php\/2024\/10\/01\/milei-viajara-a-mar-del-plata-para-participar-del-coloquio-de-idea\/","title":{"rendered":"Milei viajar\u00e1 a Mar del Plata para participar del Coloquio de Idea"},"content":{"rendered":"<p style=\"text-align: center;\"><em><strong>El Presidente asistir\u00e1 a la cumbre empresarial acompa\u00f1ado de Luis Caputo y Federico Sturzenegger. El a\u00f1o pasado no hab\u00eda estado presente<\/strong><\/em><\/p>\n<p>&nbsp;<\/p>\n<p>&nbsp;<\/p>\n<p>El presidente Javier Milei participar\u00e1 del 60\u00b0 Coloquio de Idea, que se desarrollar\u00e1 los d\u00edas 16, 17 y 18 de octubre en el Hotel Sheraton. En la edici\u00f3n de 2023, el entonces candidato, Javier Milei, declin\u00f3 participar. El foro que re\u00fane a la c\u00fapula empresarial y pol\u00edtica del pa\u00eds tendr\u00e1 este a\u00f1o el lema \u201cSi no es ahora, cu\u00e1ndo. Transformar. Invertir. Sostener\u201d, lo cual parece pensado espec\u00edficamente para convocar a exponer al economista y Primer Mandatario.<\/p>\n<p>A diferencia del 2023, en el que Milei realiz\u00f3 una especie de &#8220;contra-cumbre&#8221; con un almuerzo en el que reuni\u00f3 a empresarios del sector pyme para dialogar sobre la situaci\u00f3n del momento y sus planes a futuro, esta vez el ahora Presidente decidi\u00f3 ser de la partida. Seg\u00fan trascendi\u00f3, el mandatario nacional ser\u00e1 el encargado de realizar el cierre del encuentro con un discurso centrado en las medidas econ\u00f3micas adoptadas por su Gobierno.<\/p>\n<p>Milei no llegar\u00e1 solo a Mar del Plata sino que ser\u00e1 acompa\u00f1ado del ministro de Econom\u00eda, Luis Caputo y su par de Desregulaci\u00f3n y Transformaci\u00f3n del Estado, Federico Sturzenegger, quienes tambi\u00e9n ser\u00e1n disertantes del coloquio. Con los ojos apuntando al desarrollo econ\u00f3mico y la &#8220;liberaci\u00f3n del Estado&#8221;, abordar\u00e1n la desregulaci\u00f3n como puntos fuertes.<\/p>\n<p>Si bien a\u00fan no se conocen los horarios de llegada del Presidente, se espera un gran operativo con despliegue de fuerzas de seguridad a modo preventivo, como cada una de las veces en las que arrib\u00f3 a Mar del Plata con anterioridad.<\/p>\n","protected":false},"excerpt":{"rendered":"<p>El Presidente asistir\u00e1 a la cumbre empresarial acompa\u00f1ado de Luis Caputo y Federico Sturzenegger. El a\u00f1o pasado no hab\u00eda estado presente &nbsp; &nbsp; El presidente Javier Milei participar\u00e1 del 60\u00b0 Coloquio de Idea, que se desarrollar\u00e1 los d\u00edas 16, 17 y 18 de octubre en el Hotel Sheraton. En la edici\u00f3n de 2023, el entonces candidato, Javier Milei, declin\u00f3 participar. El foro que re\u00fane a la c\u00fapula empresarial y pol\u00edtica del pa\u00eds tendr\u00e1 este a\u00f1o el lema \u201cSi no es ahora, cu\u00e1ndo. Transformar. Invertir. Sostener\u201d, lo cual parece pensado espec\u00edficamente&#8230;<\/p>\n","protected":false},"author":3,"featured_media":120570,"comment_status":"closed","ping_status":"closed","sticky":false,"template":"","format":"standard","meta":[],"categories":[18],"tags":[],"_links":{"self":[{"href":"https:\/\/www.actualidadadiario.com\/index.php\/wp-json\/wp\/v2\/posts\/120934"}],"collection":[{"href":"https:\/\/www.actualidadadiario.com\/index.php\/wp-json\/wp\/v2\/posts"}],"about":[{"href":"https:\/\/www.actualidadadiario.com\/index.php\/wp-json\/wp\/v2\/types\/post"}],"author":[{"embeddable":true,"href":"https:\/\/www.actualidadadiario.com\/index.php\/wp-json\/wp\/v2\/users\/3"}],"replies":[{"embeddable":true,"href":"https:\/\/www.actualidadadiario.com\/index.php\/wp-json\/wp\/v2\/comments?post=120934"}],"version-history":[{"count":1,"href":"https:\/\/www.actualidadadiario.com\/index.php\/wp-json\/wp\/v2\/posts\/120934\/revisions"}],"predecessor-version":[{"id":120935,"href":"https:\/\/www.actualidadadiario.com\/index.php\/wp-json\/wp\/v2\/posts\/120934\/revisions\/120935"}],"wp:featuredmedia":[{"embeddable":true,"href":"https:\/\/www.actualidadadiario.com\/index.php\/wp-json\/wp\/v2\/media\/120570"}],"wp:attachment":[{"href":"https:\/\/www.actualidadadiario.com\/index.php\/wp-json\/wp\/v2\/media?parent=120934"}],"wp:term":[{"taxonomy":"category","embeddable":true,"href":"https:\/\/www.actualidadadiario.com\/index.php\/wp-json\/wp\/v2\/categories?post=120934"},{"taxonomy":"post_tag","embeddable":true,"href":"https:\/\/www.actualidadadiario.com\/index.php\/wp-json\/wp\/v2\/tags?post=120934"}],"curies":[{"name":"wp","href":"https:\/\/api.w.org\/{rel}","templated":true}]}}