{"id":120929,"date":"2024-10-01T12:40:15","date_gmt":"2024-10-01T15:40:15","guid":{"rendered":"https:\/\/www.actualidadadiario.com\/?p=120929"},"modified":"2024-10-01T12:40:15","modified_gmt":"2024-10-01T15:40:15","slug":"tras-reunirse-con-el-gobierno-daer-reconocio-que-la-reforma-laboral-ya-esta-hecha","status":"publish","type":"post","link":"https:\/\/www.actualidadadiario.com\/index.php\/2024\/10\/01\/tras-reunirse-con-el-gobierno-daer-reconocio-que-la-reforma-laboral-ya-esta-hecha\/","title":{"rendered":"Tras reunirse con el Gobierno, Daer reconoci\u00f3 que la reforma laboral &#8220;ya est\u00e1 hecha&#8221;"},"content":{"rendered":"<p style=\"text-align: center;\"><em><strong>Desde el sector dialoguista de la CGT aseguran que &#8220;se est\u00e1 auspiciando una nueva etapa de di\u00e1logo&#8221; entre el Gobierno y la central obrera. Los detalles del encuentro<\/strong><\/em><\/p>\n<p>&nbsp;<\/p>\n<p>&nbsp;<\/p>\n<p>El cosecretario general de la CGT H\u00e9ctor Daer reconoci\u00f3 hoy que tras la reglamentaci\u00f3n de La Ley de Bases, la reforma laboral que integra esa normativa &#8220;ya est\u00e1 hecha&#8221; y sostuvo que el sindicalismo ahora aspira a &#8220;darle un marco de precisi\u00f3n que le quite la discrecionalidad a los empresarios&#8221;.<\/p>\n<p>&#8220;La reforma laboral ya est\u00e1 hecha. La ley ya est\u00e1. Ahora lo que hay que hacer es darle un marco de precisi\u00f3n que le quite la discrecionalidad a los empresarios&#8221;, en referencia a cuestiones c\u00f3mo establecer con mayor claridad qu\u00e9 es un bloqueo a una empresa y qu\u00e9 no, para lo cual se acord\u00f3 con el Gobierno hacer una comisi\u00f3n t\u00e9cnica tripartita.<\/p>\n<p>El referente del gremio de Sanidad sostuvo eso luego de participar de la reuni\u00f3n en Casa Rosada de la c\u00fapula de la CGT con el jefe de Gabinete, Guillermo Francos, el secretario de Trabajo, Julio Cordero, y el asesor presidencial Santiago Caputo.<\/p>\n<p>En la reuni\u00f3n se acord\u00f3 una suerte de tregua, en medio de las fuertes diferencias de los gremios con la gesti\u00f3n libertaria.<\/p>\n<p>Al respecto, el titular de la UOCRA, Gerardo Mart\u00ednez, a la salida de la reuni\u00f3n sostuvo: &#8220;Se est\u00e1 auspiciando una nueva etapa de di\u00e1logo entre el Gobierno y la CGT, y eso es fruct\u00edfero&#8221;.<\/p>\n<p>La mayor\u00eda de los sindicalistas que concurrieron pertenece al sector dialoguista de la central obrera, mientras que Pablo Moyano, el cosecretario general m\u00e1s opositor a la gesti\u00f3n de Javier Milei, decidi\u00f3 no concurrir.<\/p>\n","protected":false},"excerpt":{"rendered":"<p>Desde el sector dialoguista de la CGT aseguran que &#8220;se est\u00e1 auspiciando una nueva etapa de di\u00e1logo&#8221; entre el Gobierno y la central obrera. Los detalles del encuentro &nbsp; &nbsp; El cosecretario general de la CGT H\u00e9ctor Daer reconoci\u00f3 hoy que tras la reglamentaci\u00f3n de La Ley de Bases, la reforma laboral que integra esa normativa &#8220;ya est\u00e1 hecha&#8221; y sostuvo que el sindicalismo ahora aspira a &#8220;darle un marco de precisi\u00f3n que le quite la discrecionalidad a los empresarios&#8221;. &#8220;La reforma laboral ya est\u00e1 hecha. La ley ya est\u00e1&#8230;.<\/p>\n","protected":false},"author":3,"featured_media":120930,"comment_status":"closed","ping_status":"closed","sticky":false,"template":"","format":"standard","meta":[],"categories":[18],"tags":[],"_links":{"self":[{"href":"https:\/\/www.actualidadadiario.com\/index.php\/wp-json\/wp\/v2\/posts\/120929"}],"collection":[{"href":"https:\/\/www.actualidadadiario.com\/index.php\/wp-json\/wp\/v2\/posts"}],"about":[{"href":"https:\/\/www.actualidadadiario.com\/index.php\/wp-json\/wp\/v2\/types\/post"}],"author":[{"embeddable":true,"href":"https:\/\/www.actualidadadiario.com\/index.php\/wp-json\/wp\/v2\/users\/3"}],"replies":[{"embeddable":true,"href":"https:\/\/www.actualidadadiario.com\/index.php\/wp-json\/wp\/v2\/comments?post=120929"}],"version-history":[{"count":1,"href":"https:\/\/www.actualidadadiario.com\/index.php\/wp-json\/wp\/v2\/posts\/120929\/revisions"}],"predecessor-version":[{"id":120931,"href":"https:\/\/www.actualidadadiario.com\/index.php\/wp-json\/wp\/v2\/posts\/120929\/revisions\/120931"}],"wp:featuredmedia":[{"embeddable":true,"href":"https:\/\/www.actualidadadiario.com\/index.php\/wp-json\/wp\/v2\/media\/120930"}],"wp:attachment":[{"href":"https:\/\/www.actualidadadiario.com\/index.php\/wp-json\/wp\/v2\/media?parent=120929"}],"wp:term":[{"taxonomy":"category","embeddable":true,"href":"https:\/\/www.actualidadadiario.com\/index.php\/wp-json\/wp\/v2\/categories?post=120929"},{"taxonomy":"post_tag","embeddable":true,"href":"https:\/\/www.actualidadadiario.com\/index.php\/wp-json\/wp\/v2\/tags?post=120929"}],"curies":[{"name":"wp","href":"https:\/\/api.w.org\/{rel}","templated":true}]}}