{"id":120926,"date":"2024-10-01T12:38:58","date_gmt":"2024-10-01T15:38:58","guid":{"rendered":"https:\/\/www.actualidadadiario.com\/?p=120926"},"modified":"2024-10-01T12:38:58","modified_gmt":"2024-10-01T15:38:58","slug":"a-poco-de-la-marcha-federal-universitaria-desde-capital-humano-afirmaron-que-los-reclamos-estan-todos-resueltos","status":"publish","type":"post","link":"https:\/\/www.actualidadadiario.com\/index.php\/2024\/10\/01\/a-poco-de-la-marcha-federal-universitaria-desde-capital-humano-afirmaron-que-los-reclamos-estan-todos-resueltos\/","title":{"rendered":"A poco de la Marcha Federal Universitaria, desde Capital Humano afirmaron que &#8220;los reclamos est\u00e1n todos resueltos&#8221;"},"content":{"rendered":"<p style=\"text-align: center;\"><em><strong>El Ministerio de Capital Humano expres\u00f3 que &#8220;nunca se desfinanci\u00f3 la educaci\u00f3n universitaria p\u00fablica&#8221; y asegur\u00f3 que se solucionaron los conflictos<\/strong><\/em><\/p>\n<p>&nbsp;<\/p>\n<p>&nbsp;<\/p>\n<p>&nbsp;<\/p>\n<p>El Gobierno cuestion\u00f3 la realizaci\u00f3n de la Marcha Federal Universitaria, que se llevar\u00e1 a cabo el mi\u00e9rcoles a los 17 rumbos al Congreso, en reclamo del veto del presidente Javier Milei a la Ley de Financiamiento Educativo. A trav\u00e9s de un comunicado, la ministra de Capital Humano, Sandra Pettovello, asegur\u00f3 que &#8220;responde m\u00e1s a intereses pol\u00edticos que a las necesidades del sistema educativo&#8221;.<\/p>\n<p>Estamos a favor de la educaci\u00f3n universitaria, se titula el comunicado de la cartera de Capital Humano, que asegur\u00f3 que &#8220;los reclamos educativos est\u00e1n todos atendidos y resueltos&#8221;. Adem\u00e1s, insisti\u00f3 en la postura de la gesti\u00f3n libertaria: &#8220;El Gobierno est\u00e1 al d\u00eda y paga para que los profesores est\u00e9n en las aulas dando clases, garantizando que los estudiantes no sigan siendo v\u00edctimas de esta situaci\u00f3n injustificada&#8221;.<\/p>\n<p>El documento fue emitido a poco m\u00e1s de un d\u00eda que se desarrolle la segunda marcha universitaria de este a\u00f1o. La misma tendr\u00e1 un acto central en la Plaza del Congreso, donde estar\u00e1n presentes el Frente Sindical, la Federaci\u00f3n Universitaria Argentina y el Consejo Interuniversitario Nacional, la CGT, la UTEP, las dos CTA y otras organizaciones sociales.<\/p>\n<p>Desde la gesti\u00f3n de La Libertad Avanza aseguraron que cumplieron con el pago: &#8220;El compromiso del Gobierno con la universidad p\u00fablica se ha mantenido firme; simplemente se exigi\u00f3 claridad en la gesti\u00f3n de los recursos que se transfirieron. Desde el Ministerio, se han asignado m\u00e1s de 192 mil millones de pesos, cumpliendo con lo acordado para aumentos en gastos de funcionamiento (un incremento del 270%)&#8221;.<\/p>\n<p>Por lo pronto, docentes, trabajadores no docentes y estudiantes har\u00e1n la movilizaci\u00f3n en rechazo a las medidas contra la educaci\u00f3n p\u00fablica, la falta de presupuesto y la eliminaci\u00f3n de programas de becas. A ellos se sumar\u00e1n ciudadanos, sindicalistas y referentes pol\u00edticos que mostrar\u00e1n el descontento general.<\/p>\n","protected":false},"excerpt":{"rendered":"<p>El Ministerio de Capital Humano expres\u00f3 que &#8220;nunca se desfinanci\u00f3 la educaci\u00f3n universitaria p\u00fablica&#8221; y asegur\u00f3 que se solucionaron los conflictos &nbsp; &nbsp; &nbsp; El Gobierno cuestion\u00f3 la realizaci\u00f3n de la Marcha Federal Universitaria, que se llevar\u00e1 a cabo el mi\u00e9rcoles a los 17 rumbos al Congreso, en reclamo del veto del presidente Javier Milei a la Ley de Financiamiento Educativo. A trav\u00e9s de un comunicado, la ministra de Capital Humano, Sandra Pettovello, asegur\u00f3 que &#8220;responde m\u00e1s a intereses pol\u00edticos que a las necesidades del sistema educativo&#8221;. Estamos a favor&#8230;<\/p>\n","protected":false},"author":3,"featured_media":120927,"comment_status":"closed","ping_status":"closed","sticky":false,"template":"","format":"standard","meta":[],"categories":[18],"tags":[],"_links":{"self":[{"href":"https:\/\/www.actualidadadiario.com\/index.php\/wp-json\/wp\/v2\/posts\/120926"}],"collection":[{"href":"https:\/\/www.actualidadadiario.com\/index.php\/wp-json\/wp\/v2\/posts"}],"about":[{"href":"https:\/\/www.actualidadadiario.com\/index.php\/wp-json\/wp\/v2\/types\/post"}],"author":[{"embeddable":true,"href":"https:\/\/www.actualidadadiario.com\/index.php\/wp-json\/wp\/v2\/users\/3"}],"replies":[{"embeddable":true,"href":"https:\/\/www.actualidadadiario.com\/index.php\/wp-json\/wp\/v2\/comments?post=120926"}],"version-history":[{"count":1,"href":"https:\/\/www.actualidadadiario.com\/index.php\/wp-json\/wp\/v2\/posts\/120926\/revisions"}],"predecessor-version":[{"id":120928,"href":"https:\/\/www.actualidadadiario.com\/index.php\/wp-json\/wp\/v2\/posts\/120926\/revisions\/120928"}],"wp:featuredmedia":[{"embeddable":true,"href":"https:\/\/www.actualidadadiario.com\/index.php\/wp-json\/wp\/v2\/media\/120927"}],"wp:attachment":[{"href":"https:\/\/www.actualidadadiario.com\/index.php\/wp-json\/wp\/v2\/media?parent=120926"}],"wp:term":[{"taxonomy":"category","embeddable":true,"href":"https:\/\/www.actualidadadiario.com\/index.php\/wp-json\/wp\/v2\/categories?post=120926"},{"taxonomy":"post_tag","embeddable":true,"href":"https:\/\/www.actualidadadiario.com\/index.php\/wp-json\/wp\/v2\/tags?post=120926"}],"curies":[{"name":"wp","href":"https:\/\/api.w.org\/{rel}","templated":true}]}}