{"id":120924,"date":"2024-10-01T12:37:18","date_gmt":"2024-10-01T15:37:18","guid":{"rendered":"https:\/\/www.actualidadadiario.com\/?p=120924"},"modified":"2024-10-01T12:37:18","modified_gmt":"2024-10-01T15:37:18","slug":"cristina-convoco-a-los-jovenes-a-participar-de-la-marcha-universitaria-no-es-solo-por-su-presente-tambien-es-por-su-futuro","status":"publish","type":"post","link":"https:\/\/www.actualidadadiario.com\/index.php\/2024\/10\/01\/cristina-convoco-a-los-jovenes-a-participar-de-la-marcha-universitaria-no-es-solo-por-su-presente-tambien-es-por-su-futuro\/","title":{"rendered":"Cristina convoc\u00f3 a los j\u00f3venes a participar de la marcha universitaria: \u201cNo es s\u00f3lo por su presente, tambi\u00e9n es por su futuro\u201d"},"content":{"rendered":"<p style=\"text-align: center;\"><em><strong>La expresidenta asegur\u00f3 que el Gobierno de Milei busca \u201cclausurar la idea del progreso y la movilidad social ascendente\u201d<\/strong><\/em><\/p>\n<p>&nbsp;<\/p>\n<p>&nbsp;<\/p>\n<p>En la previa en otra masiva marcha universitaria, la expresidenta Cristina Kirchner reapareci\u00f3 en un video en el que advierte por el peligro que corren los j\u00f3venes estudiantes de la Argentina ante las medidas de ajuste que lleva adelante el Gobierno de Javier Milei.<\/p>\n<p>La encargada de difundir el video fue una de las principales aliadas de la exvicepresidenta, la intendenta de Quilmes Mayra Mendoza, en su cuenta de X. Dura apenas un poco m\u00e1s de un minuto y se escucha la voz en off de Cristina Kirchner en un mensaje dedicado a la Universidad Nacional de Quilmes por su 35\u00b0 aniversario.<\/p>\n<p>En su saludo, la exmandataria convoc\u00f3 a los estudiantes a manifestarse el pr\u00f3ximo mi\u00e9rcoles en la marcha federal que se realizar\u00e1 en el Congreso de la Naci\u00f3n. El objetivo del evento es manifestarse en contra del veto que Javier Milei anunci\u00f3 que publicar\u00e1 en contra la Ley de Financiamiento Universitario.<\/p>\n<p>\u201cMarchar\u00e1n no s\u00f3lo por su presente, sino tambi\u00e9n por su futuro\u201d, sentenci\u00f3 Cristina.<\/p>\n","protected":false},"excerpt":{"rendered":"<p>La expresidenta asegur\u00f3 que el Gobierno de Milei busca \u201cclausurar la idea del progreso y la movilidad social ascendente\u201d &nbsp; &nbsp; En la previa en otra masiva marcha universitaria, la expresidenta Cristina Kirchner reapareci\u00f3 en un video en el que advierte por el peligro que corren los j\u00f3venes estudiantes de la Argentina ante las medidas de ajuste que lleva adelante el Gobierno de Javier Milei. La encargada de difundir el video fue una de las principales aliadas de la exvicepresidenta, la intendenta de Quilmes Mayra Mendoza, en su cuenta de&#8230;<\/p>\n","protected":false},"author":3,"featured_media":106124,"comment_status":"closed","ping_status":"closed","sticky":false,"template":"","format":"standard","meta":[],"categories":[9],"tags":[],"_links":{"self":[{"href":"https:\/\/www.actualidadadiario.com\/index.php\/wp-json\/wp\/v2\/posts\/120924"}],"collection":[{"href":"https:\/\/www.actualidadadiario.com\/index.php\/wp-json\/wp\/v2\/posts"}],"about":[{"href":"https:\/\/www.actualidadadiario.com\/index.php\/wp-json\/wp\/v2\/types\/post"}],"author":[{"embeddable":true,"href":"https:\/\/www.actualidadadiario.com\/index.php\/wp-json\/wp\/v2\/users\/3"}],"replies":[{"embeddable":true,"href":"https:\/\/www.actualidadadiario.com\/index.php\/wp-json\/wp\/v2\/comments?post=120924"}],"version-history":[{"count":1,"href":"https:\/\/www.actualidadadiario.com\/index.php\/wp-json\/wp\/v2\/posts\/120924\/revisions"}],"predecessor-version":[{"id":120925,"href":"https:\/\/www.actualidadadiario.com\/index.php\/wp-json\/wp\/v2\/posts\/120924\/revisions\/120925"}],"wp:featuredmedia":[{"embeddable":true,"href":"https:\/\/www.actualidadadiario.com\/index.php\/wp-json\/wp\/v2\/media\/106124"}],"wp:attachment":[{"href":"https:\/\/www.actualidadadiario.com\/index.php\/wp-json\/wp\/v2\/media?parent=120924"}],"wp:term":[{"taxonomy":"category","embeddable":true,"href":"https:\/\/www.actualidadadiario.com\/index.php\/wp-json\/wp\/v2\/categories?post=120924"},{"taxonomy":"post_tag","embeddable":true,"href":"https:\/\/www.actualidadadiario.com\/index.php\/wp-json\/wp\/v2\/tags?post=120924"}],"curies":[{"name":"wp","href":"https:\/\/api.w.org\/{rel}","templated":true}]}}