{"id":120922,"date":"2024-10-01T12:36:26","date_gmt":"2024-10-01T15:36:26","guid":{"rendered":"https:\/\/www.actualidadadiario.com\/?p=120922"},"modified":"2024-10-01T12:36:26","modified_gmt":"2024-10-01T15:36:26","slug":"la-casa-rosada-redobla-la-apuesta-y-avanza-contra-las-universidades-a-horas-de-la-marcha-federal","status":"publish","type":"post","link":"https:\/\/www.actualidadadiario.com\/index.php\/2024\/10\/01\/la-casa-rosada-redobla-la-apuesta-y-avanza-contra-las-universidades-a-horas-de-la-marcha-federal\/","title":{"rendered":"La Casa Rosada redobla la apuesta y avanza contra las universidades a horas de la marcha federal"},"content":{"rendered":"<p style=\"text-align: center;\"><em><strong>El oficialismo confirm\u00f3 que el veto de Javier Milei a la ley de Financiamiento ser\u00e1 total y acus\u00f3 a las autoridades educativas de \u201cirresponsables\u201d por no tener en cuenta el \u201cequilibrio fiscal\u201d. Alerta entre los funcionarios por la magnitud que podr\u00eda alcanzar en todo el pa\u00eds la movilizaci\u00f3n de este mi\u00e9rcoles<\/strong><\/em><\/p>\n<p>&nbsp;<\/p>\n<p>&nbsp;<\/p>\n<p>En la antesala de la marcha federal en rechazo al veto de Javier Milei a la ley de Financiamiento Universitario, el Gobierno decidi\u00f3 salir al cruce de los gremios universitarios en pie de lucha. Mientras que el jefe de Gabinete, Guillermo Francos, confirm\u00f3 que el veto ser\u00e1 total y repiti\u00f3 el argumento del equilibrio fiscal, el mismo que utilizan para todas las iniciativas que impactan en el presupuesto del Estado, el subsecretario de Pol\u00edticas Universitarias, Alejandro \u201cGalleguito\u201d \u00c1lvarez, plante\u00f3 este lunes que \u201chay que ser responsables\u201d ya que \u201clos recursos son finitos\u201d y asegur\u00f3 que \u201cse vienen dando aumentos todos los meses, incluso por arriba de la pauta general del Estado\u201d.<\/p>\n<p>La Casa Rosada se prepara para una semana clave en su pulseada con las universidades. Alumnos, docentes y rectores se alistan para la movilizaci\u00f3n que tendr\u00e1 lugar este mi\u00e9rcoles 2 de octubre, una demostraci\u00f3n de fuerza que inquieta al oficialismo, pero sobre todo a Sandra Pettovello: la ministra de Capital Humano teme que el conflicto escale al punto de repetir la foto de la masiva marcha federal del 23 de abril. Esta vez, la chispa que encendi\u00f3 la pradera fue el anuncio del veto presidencial al proyecto de ley, que el Senado aprob\u00f3 el pasado 13 de septiembre y que Milei ya anticip\u00f3 que dejar\u00e1 sin efecto, al igual que hizo con el aumento de las jubilaciones.<\/p>\n<p>Desde que la notificaci\u00f3n lleg\u00f3 a Balcarce 50 proveniente del Senado, comenz\u00f3 la cuenta regresiva de 10 d\u00edas h\u00e1biles que tiene el Presidente para definir su postura, la cual fue reafirmada este lunes por el jefe de Gabinete. \u201cEl Gobierno tiene una funci\u00f3n definida, no va a hacer nada que afecte al equilibrio fiscal. Quienes sostienen lo contrario deben decir de d\u00f3nde salen los recursos\u201d, apunt\u00f3 Francos durante una entrevista con Radio Mitre.<\/p>\n<p>Por su parte, el subsecretario \u00c1lvarez se\u00f1al\u00f3 que algunos gremios no reconocen los aumentos otorgados y que utilizan como referencia un sistema de empleo p\u00fablico (SINEP) que representa \u201cuna porci\u00f3n muy chica del Estado\u201d. Adem\u00e1s, en di\u00e1logo con Futurock, aclar\u00f3 que los recientes incrementos salariales no est\u00e1n relacionados con la marcha, sino que se dieron \u201cincluso sin haber llegado a un acuerdo\u201d. \u201cEn julio, en la administraci\u00f3n p\u00fablica fue del 3,5%, mientras que en empleados de universidades fue de 7,5%\u201d, indic\u00f3 el funcionario al frente de la relaci\u00f3n con las universidades.<\/p>\n<p>\u00c1lvarez tambi\u00e9n critic\u00f3 el proyecto de financiamiento porque, a su entender, introduce al Poder Legislativo en una discusi\u00f3n que deber\u00eda permanecer en el \u00e1mbito de las paritarias. \u201cTenemos la \u00fanica paritaria de todo el pa\u00eds con actualizaci\u00f3n por proyecto de ley. El Congreso abusa de su autoridad\u201d, apunt\u00f3, para despu\u00e9s denunciar que la UCR y otros sectores opositores \u201cusan algo que es real, como el atraso de salarios en universidades, para tratar de sobrevivir pol\u00edticamente y poner al gobierno en problemas\u201d.<\/p>\n<p>En tanto, en relaci\u00f3n a la pol\u00e9mica sobre la cantidad de alumnos no registrados que abri\u00f3 el secretario de Educaci\u00f3n, Carlos Torrendell, al decir que las universidades \u201cinventan\u201d alumnos para cobrar fondos, \u00c1lvarez se\u00f1al\u00f3 que una revisi\u00f3n de los datos del sistema de informaci\u00f3n universitaria revel\u00f3 que alrededor de 600.000 alumnos no tienen registros de materias cursadas. \u201cSon alumnos que figuran como alumnos, pero cuando ped\u00eds datos de la materia, tienen cero datos cargados\u201d, precis\u00f3.<\/p>\n<p>\u201cEn los \u00faltimos 10 a\u00f1os viene creciendo la matricula, pero la cantidad de graduados se mantiene igual. Incluso hay universidades que tienen menos graduados, como la de San Luis. Llama la atenci\u00f3n que tengan m\u00e1s recursos, personal, presupuesto y misma cantidad de graduados\u201d, sum\u00f3, sin rehuirle a la confrontaci\u00f3n.<\/p>\n<p>En los \u00faltimos d\u00edas, Torrendell y \u00c1lvarez fueron quienes m\u00e1s preocupados se mostraron internamente por lo que puede llegar a suceder este mi\u00e9rcoles. Ambos se reunieron el martes de la semana pasada con el jefe de Gabinete, Guillermo Francos, con el fin de analizar la situaci\u00f3n y delinear una estrategia de cara al conflicto, sobre todo en el plano salarial. Sin embargo, las tratativas fueron infructuosas.<\/p>\n<p>El Presidente tiene tiempo hasta el jueves para vetar la norma sancionada por el Congreso. Ese d\u00eda vence el plazo legal para tomar esa medida. Una vez que sea firmado por Milei, La Libertad Avanza se deber\u00e1 enfrentar nuevamente al resto de los bloques de la oposici\u00f3n, para defender la decisi\u00f3n y evitar que se insista con la norma. Por eso, en el \u00e1mbito universitario ven a la marcha de este mi\u00e9rcoles 2, que esta vez tendr\u00e1 como epicentro a la Plaza de los Dos Congresos, como una acci\u00f3n de presi\u00f3n al Poder Legislativo para que junte nuevamente los dos tercios y rechace el veto.<\/p>\n","protected":false},"excerpt":{"rendered":"<p>El oficialismo confirm\u00f3 que el veto de Javier Milei a la ley de Financiamiento ser\u00e1 total y acus\u00f3 a las autoridades educativas de \u201cirresponsables\u201d por no tener en cuenta el \u201cequilibrio fiscal\u201d. Alerta entre los funcionarios por la magnitud que podr\u00eda alcanzar en todo el pa\u00eds la movilizaci\u00f3n de este mi\u00e9rcoles &nbsp; &nbsp; En la antesala de la marcha federal en rechazo al veto de Javier Milei a la ley de Financiamiento Universitario, el Gobierno decidi\u00f3 salir al cruce de los gremios universitarios en pie de lucha. Mientras que el&#8230;<\/p>\n","protected":false},"author":3,"featured_media":120410,"comment_status":"closed","ping_status":"closed","sticky":false,"template":"","format":"standard","meta":[],"categories":[9],"tags":[],"_links":{"self":[{"href":"https:\/\/www.actualidadadiario.com\/index.php\/wp-json\/wp\/v2\/posts\/120922"}],"collection":[{"href":"https:\/\/www.actualidadadiario.com\/index.php\/wp-json\/wp\/v2\/posts"}],"about":[{"href":"https:\/\/www.actualidadadiario.com\/index.php\/wp-json\/wp\/v2\/types\/post"}],"author":[{"embeddable":true,"href":"https:\/\/www.actualidadadiario.com\/index.php\/wp-json\/wp\/v2\/users\/3"}],"replies":[{"embeddable":true,"href":"https:\/\/www.actualidadadiario.com\/index.php\/wp-json\/wp\/v2\/comments?post=120922"}],"version-history":[{"count":1,"href":"https:\/\/www.actualidadadiario.com\/index.php\/wp-json\/wp\/v2\/posts\/120922\/revisions"}],"predecessor-version":[{"id":120923,"href":"https:\/\/www.actualidadadiario.com\/index.php\/wp-json\/wp\/v2\/posts\/120922\/revisions\/120923"}],"wp:featuredmedia":[{"embeddable":true,"href":"https:\/\/www.actualidadadiario.com\/index.php\/wp-json\/wp\/v2\/media\/120410"}],"wp:attachment":[{"href":"https:\/\/www.actualidadadiario.com\/index.php\/wp-json\/wp\/v2\/media?parent=120922"}],"wp:term":[{"taxonomy":"category","embeddable":true,"href":"https:\/\/www.actualidadadiario.com\/index.php\/wp-json\/wp\/v2\/categories?post=120922"},{"taxonomy":"post_tag","embeddable":true,"href":"https:\/\/www.actualidadadiario.com\/index.php\/wp-json\/wp\/v2\/tags?post=120922"}],"curies":[{"name":"wp","href":"https:\/\/api.w.org\/{rel}","templated":true}]}}